{"id":3293,"date":"2025-12-10T13:52:35","date_gmt":"2025-12-10T12:52:35","guid":{"rendered":"https:\/\/www.radiomais.ao\/?p=3293"},"modified":"2025-12-10T13:52:35","modified_gmt":"2025-12-10T12:52:35","slug":"presidente-do-mpla-inaugura-sede-do-partido","status":"publish","type":"post","link":"https:\/\/www.radiomais.ao\/index.php\/2025\/12\/10\/presidente-do-mpla-inaugura-sede-do-partido\/","title":{"rendered":"Presidente do MPLA inaugura sede do partido."},"content":{"rendered":"\n<p>Foi inaugurada hoje, a nova sede do MPLA, pelo l\u00edder do partido Jo\u00e3o Louren\u00e7o, num dia em que a maior for\u00e7a pol\u00edtica do Pa\u00eds, assinala 69 anos de exist\u00eancia.<\/p>\n\n\n\n<p>O edif\u00edcio que comporta 9 andares foi erguido com padr\u00f5es arquitet\u00f3nicos modernos, est\u00e1 localizado na avenida Ho Chin Min, e acontece num momento em que o MPLA reafima o seu compromisso com a renova\u00e7\u00e3o, efici\u00eancia e proximidade com as bases e a sociedade.<\/p>\n\n\n\n<p>A nova sede do MPLA, enquadra-se na estrat\u00e9gia de fortalecimento das estruturas internas bem como adapta\u00e7\u00e3o com a&nbsp; inova\u00e7\u00e3o&nbsp; tecnol\u00f3gica. &nbsp;<\/p>\n\n\n\n<figure class=\"wp-block-embed is-type-rich is-provider-soundcloud wp-block-embed-soundcloud\"><div class=\"wp-block-embed__wrapper\">\n<iframe title=\"Presidente do MPLA inaugura nova sede do partido. by RadioMais\" width=\"1290\" height=\"400\" scrolling=\"no\" frameborder=\"no\" src=\"https:\/\/w.soundcloud.com\/player\/?visual=true&#038;url=https%3A%2F%2Fapi.soundcloud.com%2Ftracks%2F2227215110&#038;show_artwork=true&#038;maxheight=1000&#038;maxwidth=1290\"><\/iframe>\n<\/div><\/figure>\n","protected":false},"excerpt":{"rendered":"<p>Foi inaugurada hoje, a nova sede do MPLA, pelo l\u00edder do partido Jo\u00e3o Louren\u00e7o, num dia em que a maior for\u00e7a pol\u00edtica do Pa\u00eds, assinala 69 anos de exist\u00eancia. O edif\u00edcio que comporta 9 andares foi erguido com padr\u00f5es arquitet\u00f3nicos modernos, est\u00e1 localizado na avenida Ho Chin Min, e acontece num momento em que o [&hellip;]<\/p>\n","protected":false},"author":3,"featured_media":3294,"comment_status":"open","ping_status":"open","sticky":false,"template":"","format":"standard","meta":{"footnotes":""},"categories":[16],"tags":[1285,157,1307],"class_list":["post-3293","post","type-post","status-publish","format-standard","has-post-thumbnail","hentry","category-actualidade","tag-inauguracao","tag-mpla","tag-sede-partido"],"blocksy_meta":[],"_links":{"self":[{"href":"https:\/\/www.radiomais.ao\/index.php\/wp-json\/wp\/v2\/posts\/3293","targetHints":{"allow":["GET"]}}],"collection":[{"href":"https:\/\/www.radiomais.ao\/index.php\/wp-json\/wp\/v2\/posts"}],"about":[{"href":"https:\/\/www.radiomais.ao\/index.php\/wp-json\/wp\/v2\/types\/post"}],"author":[{"embeddable":true,"href":"https:\/\/www.radiomais.ao\/index.php\/wp-json\/wp\/v2\/users\/3"}],"replies":[{"embeddable":true,"href":"https:\/\/www.radiomais.ao\/index.php\/wp-json\/wp\/v2\/comments?post=3293"}],"version-history":[{"count":1,"href":"https:\/\/www.radiomais.ao\/index.php\/wp-json\/wp\/v2\/posts\/3293\/revisions"}],"predecessor-version":[{"id":3295,"href":"https:\/\/www.radiomais.ao\/index.php\/wp-json\/wp\/v2\/posts\/3293\/revisions\/3295"}],"wp:featuredmedia":[{"embeddable":true,"href":"https:\/\/www.radiomais.ao\/index.php\/wp-json\/wp\/v2\/media\/3294"}],"wp:attachment":[{"href":"https:\/\/www.radiomais.ao\/index.php\/wp-json\/wp\/v2\/media?parent=3293"}],"wp:term":[{"taxonomy":"category","embeddable":true,"href":"https:\/\/www.radiomais.ao\/index.php\/wp-json\/wp\/v2\/categories?post=3293"},{"taxonomy":"post_tag","embeddable":true,"href":"https:\/\/www.radiomais.ao\/index.php\/wp-json\/wp\/v2\/tags?post=3293"}],"curies":[{"name":"wp","href":"https:\/\/api.w.org\/{rel}","templated":true}]}}