{"id":3296,"date":"2025-12-10T14:43:08","date_gmt":"2025-12-10T13:43:08","guid":{"rendered":"https:\/\/www.radiomais.ao\/?p=3296"},"modified":"2025-12-10T14:43:08","modified_gmt":"2025-12-10T13:43:08","slug":"huila-regista-24-novos-casos-de-colera","status":"publish","type":"post","link":"https:\/\/www.radiomais.ao\/index.php\/2025\/12\/10\/huila-regista-24-novos-casos-de-colera\/","title":{"rendered":"Hu\u00edla regista 24 novos casos de c\u00f3lera ."},"content":{"rendered":"\n<p>24 novos casos de c\u00f3lera foram registados, nos \u00faltimos dias, na prov\u00edncia da Huila , que resultaram num morto, no munic\u00edpio Quilengues, de acordo com o director do Gabinete Provincial da sa\u00fade.<\/p>\n\n\n\n<figure class=\"wp-block-embed is-type-rich is-provider-soundcloud wp-block-embed-soundcloud\"><div class=\"wp-block-embed__wrapper\">\n<iframe title=\"Registados 24 novos casos de c\u00f3lera na Hu\u00edla. by RadioMais\" width=\"1290\" height=\"400\" scrolling=\"no\" frameborder=\"no\" src=\"https:\/\/w.soundcloud.com\/player\/?visual=true&#038;url=https%3A%2F%2Fapi.soundcloud.com%2Ftracks%2F2227237085&#038;show_artwork=true&#038;maxheight=1000&#038;maxwidth=1290\"><\/iframe>\n<\/div><\/figure>\n","protected":false},"excerpt":{"rendered":"<p>24 novos casos de c\u00f3lera foram registados, nos \u00faltimos dias, na prov\u00edncia da Huila , que resultaram num morto, no munic\u00edpio Quilengues, de acordo com o director do Gabinete Provincial da sa\u00fade.<\/p>\n","protected":false},"author":3,"featured_media":3297,"comment_status":"open","ping_status":"open","sticky":false,"template":"","format":"standard","meta":{"footnotes":""},"categories":[16],"tags":[799,1158,1308],"class_list":["post-3296","post","type-post","status-publish","format-standard","has-post-thumbnail","hentry","category-actualidade","tag-colera-2","tag-huila-2","tag-novos-casos"],"blocksy_meta":[],"_links":{"self":[{"href":"https:\/\/www.radiomais.ao\/index.php\/wp-json\/wp\/v2\/posts\/3296","targetHints":{"allow":["GET"]}}],"collection":[{"href":"https:\/\/www.radiomais.ao\/index.php\/wp-json\/wp\/v2\/posts"}],"about":[{"href":"https:\/\/www.radiomais.ao\/index.php\/wp-json\/wp\/v2\/types\/post"}],"author":[{"embeddable":true,"href":"https:\/\/www.radiomais.ao\/index.php\/wp-json\/wp\/v2\/users\/3"}],"replies":[{"embeddable":true,"href":"https:\/\/www.radiomais.ao\/index.php\/wp-json\/wp\/v2\/comments?post=3296"}],"version-history":[{"count":1,"href":"https:\/\/www.radiomais.ao\/index.php\/wp-json\/wp\/v2\/posts\/3296\/revisions"}],"predecessor-version":[{"id":3298,"href":"https:\/\/www.radiomais.ao\/index.php\/wp-json\/wp\/v2\/posts\/3296\/revisions\/3298"}],"wp:featuredmedia":[{"embeddable":true,"href":"https:\/\/www.radiomais.ao\/index.php\/wp-json\/wp\/v2\/media\/3297"}],"wp:attachment":[{"href":"https:\/\/www.radiomais.ao\/index.php\/wp-json\/wp\/v2\/media?parent=3296"}],"wp:term":[{"taxonomy":"category","embeddable":true,"href":"https:\/\/www.radiomais.ao\/index.php\/wp-json\/wp\/v2\/categories?post=3296"},{"taxonomy":"post_tag","embeddable":true,"href":"https:\/\/www.radiomais.ao\/index.php\/wp-json\/wp\/v2\/tags?post=3296"}],"curies":[{"name":"wp","href":"https:\/\/api.w.org\/{rel}","templated":true}]}}