{"id":3300,"date":"2025-12-10T14:48:52","date_gmt":"2025-12-10T13:48:52","guid":{"rendered":"https:\/\/www.radiomais.ao\/?p=3300"},"modified":"2025-12-10T14:52:14","modified_gmt":"2025-12-10T13:52:14","slug":"joao-lourenco-reafirma-unidade-e-coesao-interna-no-seio-do-mpla","status":"publish","type":"post","link":"https:\/\/www.radiomais.ao\/index.php\/2025\/12\/10\/joao-lourenco-reafirma-unidade-e-coesao-interna-no-seio-do-mpla\/","title":{"rendered":"Jo\u00e3o Louren\u00e7o reafirma unidade e coes\u00e3o interna no seio do MPLA."},"content":{"rendered":"\n<p>O presidente do MPLA, Jo\u00e3o Louren\u00e7o, garantiu, esta quarta-feira, em Luanda, que o partido que dirige est\u00e1 coeso e s\u00f3lido, sublinhando que governa o pa\u00eds com toda a legitimidade.<\/p>\n\n\n\n<p>A afirma\u00e7\u00e3o foi feita hoje \u00e0 margem da inaugura\u00e7\u00e3o da nova sede do partido.<\/p>\n\n\n\n<p>Na ocasi\u00e3o, Jo\u00e3o Louren\u00e7o abordou tamb\u00e9m quest\u00f5es relativas \u00e0s candidaturas para o pr\u00f3ximo Congresso Ordin\u00e1rio, que ser\u00e1 realizado no pr\u00f3ximo ano. Fonte <strong><em><a href=\"https:\/\/www.opais.ao\/politica\/joao-lourenco-reafirma-unidade-e-coesao-interna-no-seio-do-mpla\/\">Opa\u00eds<\/a><\/em><\/strong><\/p>\n","protected":false},"excerpt":{"rendered":"<p>O presidente do MPLA, Jo\u00e3o Louren\u00e7o, garantiu, esta quarta-feira, em Luanda, que o partido que dirige est\u00e1 coeso e s\u00f3lido, sublinhando que governa o pa\u00eds com toda a legitimidade. A afirma\u00e7\u00e3o foi feita hoje \u00e0 margem da inaugura\u00e7\u00e3o da nova sede do partido. Na ocasi\u00e3o, Jo\u00e3o Louren\u00e7o abordou tamb\u00e9m quest\u00f5es relativas \u00e0s candidaturas para o [&hellip;]<\/p>\n","protected":false},"author":3,"featured_media":3301,"comment_status":"open","ping_status":"open","sticky":false,"template":"","format":"standard","meta":{"footnotes":""},"categories":[],"tags":[22,157,96],"class_list":["post-3300","post","type-post","status-publish","format-standard","has-post-thumbnail","hentry","tag-destaque","tag-mpla","tag-presidente"],"blocksy_meta":[],"_links":{"self":[{"href":"https:\/\/www.radiomais.ao\/index.php\/wp-json\/wp\/v2\/posts\/3300","targetHints":{"allow":["GET"]}}],"collection":[{"href":"https:\/\/www.radiomais.ao\/index.php\/wp-json\/wp\/v2\/posts"}],"about":[{"href":"https:\/\/www.radiomais.ao\/index.php\/wp-json\/wp\/v2\/types\/post"}],"author":[{"embeddable":true,"href":"https:\/\/www.radiomais.ao\/index.php\/wp-json\/wp\/v2\/users\/3"}],"replies":[{"embeddable":true,"href":"https:\/\/www.radiomais.ao\/index.php\/wp-json\/wp\/v2\/comments?post=3300"}],"version-history":[{"count":1,"href":"https:\/\/www.radiomais.ao\/index.php\/wp-json\/wp\/v2\/posts\/3300\/revisions"}],"predecessor-version":[{"id":3302,"href":"https:\/\/www.radiomais.ao\/index.php\/wp-json\/wp\/v2\/posts\/3300\/revisions\/3302"}],"wp:featuredmedia":[{"embeddable":true,"href":"https:\/\/www.radiomais.ao\/index.php\/wp-json\/wp\/v2\/media\/3301"}],"wp:attachment":[{"href":"https:\/\/www.radiomais.ao\/index.php\/wp-json\/wp\/v2\/media?parent=3300"}],"wp:term":[{"taxonomy":"category","embeddable":true,"href":"https:\/\/www.radiomais.ao\/index.php\/wp-json\/wp\/v2\/categories?post=3300"},{"taxonomy":"post_tag","embeddable":true,"href":"https:\/\/www.radiomais.ao\/index.php\/wp-json\/wp\/v2\/tags?post=3300"}],"curies":[{"name":"wp","href":"https:\/\/api.w.org\/{rel}","templated":true}]}}