{"id":3303,"date":"2025-12-10T14:57:02","date_gmt":"2025-12-10T13:57:02","guid":{"rendered":"https:\/\/www.radiomais.ao\/?p=3303"},"modified":"2025-12-10T14:57:02","modified_gmt":"2025-12-10T13:57:02","slug":"detidos-mais-de-dez-mil-imigrantes-ilegais-na-lunda-norte","status":"publish","type":"post","link":"https:\/\/www.radiomais.ao\/index.php\/2025\/12\/10\/detidos-mais-de-dez-mil-imigrantes-ilegais-na-lunda-norte\/","title":{"rendered":"Detidos mais de dez mil imigrantes ilegais na Lunda Norte\u200e."},"content":{"rendered":"\n<p>A Pol\u00edcia Nacional, na Lunda Norte, deteve, de 01 de Outubro a 27 de Novembro do ano em curso, dez mil e 535 cidad\u00e3os estrangeiros, na sua maioria proveniente da Rep\u00fablica Democr\u00e1tica do Congo, por suspeitas de imigra\u00e7\u00e3o ilegal.<br>\u200e<br>\u200eAs deten\u00e7\u00f5es ora efectuadas, segundo a informa\u00e7\u00e3o das autoridades, foram no \u00e2mbito da opera\u00e7\u00e3o \u201cConex\u00e3o\u201d, que tem como prop\u00f3sito o combate ac\u00e9rrimo contra a imigra\u00e7\u00e3o ilegal, o contrabando de combust\u00edveis, explora\u00e7\u00e3o il\u00edcita de minerais, pesca ilegal e outros crimes conexos. Fonte <strong><em><a href=\"https:\/\/www.opais.ao\/ultimas_hora\/detidos-mais-de-dez-mil-imigrantes-ilegais-na-lunda-norte\/\">Opa\u00eds<\/a><\/em><\/strong><\/p>\n","protected":false},"excerpt":{"rendered":"<p>A Pol\u00edcia Nacional, na Lunda Norte, deteve, de 01 de Outubro a 27 de Novembro do ano em curso, dez mil e 535 cidad\u00e3os estrangeiros, na sua maioria proveniente da Rep\u00fablica Democr\u00e1tica do Congo, por suspeitas de imigra\u00e7\u00e3o ilegal.\u200e\u200eAs deten\u00e7\u00f5es ora efectuadas, segundo a informa\u00e7\u00e3o das autoridades, foram no \u00e2mbito da opera\u00e7\u00e3o \u201cConex\u00e3o\u201d, que tem [&hellip;]<\/p>\n","protected":false},"author":3,"featured_media":3304,"comment_status":"open","ping_status":"open","sticky":false,"template":"","format":"standard","meta":{"footnotes":""},"categories":[16],"tags":[922,1309,1310],"class_list":["post-3303","post","type-post","status-publish","format-standard","has-post-thumbnail","hentry","category-actualidade","tag-detidos","tag-imigrantes-ilegais","tag-provincia-da-luanda-norte"],"blocksy_meta":[],"_links":{"self":[{"href":"https:\/\/www.radiomais.ao\/index.php\/wp-json\/wp\/v2\/posts\/3303","targetHints":{"allow":["GET"]}}],"collection":[{"href":"https:\/\/www.radiomais.ao\/index.php\/wp-json\/wp\/v2\/posts"}],"about":[{"href":"https:\/\/www.radiomais.ao\/index.php\/wp-json\/wp\/v2\/types\/post"}],"author":[{"embeddable":true,"href":"https:\/\/www.radiomais.ao\/index.php\/wp-json\/wp\/v2\/users\/3"}],"replies":[{"embeddable":true,"href":"https:\/\/www.radiomais.ao\/index.php\/wp-json\/wp\/v2\/comments?post=3303"}],"version-history":[{"count":1,"href":"https:\/\/www.radiomais.ao\/index.php\/wp-json\/wp\/v2\/posts\/3303\/revisions"}],"predecessor-version":[{"id":3305,"href":"https:\/\/www.radiomais.ao\/index.php\/wp-json\/wp\/v2\/posts\/3303\/revisions\/3305"}],"wp:featuredmedia":[{"embeddable":true,"href":"https:\/\/www.radiomais.ao\/index.php\/wp-json\/wp\/v2\/media\/3304"}],"wp:attachment":[{"href":"https:\/\/www.radiomais.ao\/index.php\/wp-json\/wp\/v2\/media?parent=3303"}],"wp:term":[{"taxonomy":"category","embeddable":true,"href":"https:\/\/www.radiomais.ao\/index.php\/wp-json\/wp\/v2\/categories?post=3303"},{"taxonomy":"post_tag","embeddable":true,"href":"https:\/\/www.radiomais.ao\/index.php\/wp-json\/wp\/v2\/tags?post=3303"}],"curies":[{"name":"wp","href":"https:\/\/api.w.org\/{rel}","templated":true}]}}