{"id":3309,"date":"2025-12-11T08:39:19","date_gmt":"2025-12-11T07:39:19","guid":{"rendered":"https:\/\/www.radiomais.ao\/?p=3309"},"modified":"2025-12-11T08:39:19","modified_gmt":"2025-12-11T07:39:19","slug":"jornalistas-propoem-criacao-de-observatorio-angolano-de-liberdade-de-imprensa","status":"publish","type":"post","link":"https:\/\/www.radiomais.ao\/index.php\/2025\/12\/11\/jornalistas-propoem-criacao-de-observatorio-angolano-de-liberdade-de-imprensa\/","title":{"rendered":"Jornalistas prop\u00f5em cria\u00e7\u00e3o de observat\u00f3rio Angolano de liberdade de imprensa."},"content":{"rendered":"\n<p><strong>Os jornalistas angolanos afectos a \u00f3rg\u00e3os p\u00fablicos e privados reuniram-se ontem, 10, na II Confer\u00eancia nacional sobre liberdade de imprensa e Acesso \u00e0 informa\u00e7\u00e3o. o evento foi conduzido pela r\u00e1dio eccl\u00e9sia e financiado pela uni\u00e3o europeia e pela Norwegian Church AI<\/strong>. Fonte <strong><em><a href=\"https:\/\/www.opais.ao\/sociedade\/jornalistas-propoem-criacao-de-observatorio-angolano-de-liberdade-de-imprensa\/\">Opa\u00eds<\/a><\/em><\/strong><\/p>\n","protected":false},"excerpt":{"rendered":"<p>Os jornalistas angolanos afectos a \u00f3rg\u00e3os p\u00fablicos e privados reuniram-se ontem, 10, na II Confer\u00eancia nacional sobre liberdade de imprensa e Acesso \u00e0 informa\u00e7\u00e3o. o evento foi conduzido pela r\u00e1dio eccl\u00e9sia e financiado pela uni\u00e3o europeia e pela Norwegian Church AI. Fonte Opa\u00eds<\/p>\n","protected":false},"author":3,"featured_media":3310,"comment_status":"open","ping_status":"open","sticky":false,"template":"","format":"standard","meta":{"footnotes":""},"categories":[16],"tags":[309,1314,1313],"class_list":["post-3309","post","type-post","status-publish","format-standard","has-post-thumbnail","hentry","category-actualidade","tag-jornalistas","tag-liberdade-de-expressao","tag-observatorio-angolano"],"blocksy_meta":[],"_links":{"self":[{"href":"https:\/\/www.radiomais.ao\/index.php\/wp-json\/wp\/v2\/posts\/3309","targetHints":{"allow":["GET"]}}],"collection":[{"href":"https:\/\/www.radiomais.ao\/index.php\/wp-json\/wp\/v2\/posts"}],"about":[{"href":"https:\/\/www.radiomais.ao\/index.php\/wp-json\/wp\/v2\/types\/post"}],"author":[{"embeddable":true,"href":"https:\/\/www.radiomais.ao\/index.php\/wp-json\/wp\/v2\/users\/3"}],"replies":[{"embeddable":true,"href":"https:\/\/www.radiomais.ao\/index.php\/wp-json\/wp\/v2\/comments?post=3309"}],"version-history":[{"count":1,"href":"https:\/\/www.radiomais.ao\/index.php\/wp-json\/wp\/v2\/posts\/3309\/revisions"}],"predecessor-version":[{"id":3311,"href":"https:\/\/www.radiomais.ao\/index.php\/wp-json\/wp\/v2\/posts\/3309\/revisions\/3311"}],"wp:featuredmedia":[{"embeddable":true,"href":"https:\/\/www.radiomais.ao\/index.php\/wp-json\/wp\/v2\/media\/3310"}],"wp:attachment":[{"href":"https:\/\/www.radiomais.ao\/index.php\/wp-json\/wp\/v2\/media?parent=3309"}],"wp:term":[{"taxonomy":"category","embeddable":true,"href":"https:\/\/www.radiomais.ao\/index.php\/wp-json\/wp\/v2\/categories?post=3309"},{"taxonomy":"post_tag","embeddable":true,"href":"https:\/\/www.radiomais.ao\/index.php\/wp-json\/wp\/v2\/tags?post=3309"}],"curies":[{"name":"wp","href":"https:\/\/api.w.org\/{rel}","templated":true}]}}