{"id":3318,"date":"2025-12-11T08:50:25","date_gmt":"2025-12-11T07:50:25","guid":{"rendered":"https:\/\/www.radiomais.ao\/?p=3318"},"modified":"2025-12-11T08:50:25","modified_gmt":"2025-12-11T07:50:25","slug":"declaracao-de-luanda-apresentada-em-abuja-como-novo-marco-para-o-multilateralismo-africa-europa","status":"publish","type":"post","link":"https:\/\/www.radiomais.ao\/index.php\/2025\/12\/11\/declaracao-de-luanda-apresentada-em-abuja-como-novo-marco-para-o-multilateralismo-africa-europa\/","title":{"rendered":"Declara\u00e7\u00e3o de Luanda apresentada em Abuja como novo marco para o multilateralismo \u00c1frica-Europa."},"content":{"rendered":"\n<p><strong>Os resultados da 7.\u00aa Cimeira uni\u00e3o Africana\u2013 Uni\u00e3o Europeia, realizada em Luanda entre os dias 24 e 25 do m\u00eas passado, foram apresentados no in\u00edcio desta semana ao Corpo diplom\u00e1tico em Abuja, Nig\u00e9ria, numa sess\u00e3o que sublinhou a declara\u00e7\u00e3o de Luanda como um passo decisivo para o refor\u00e7o do multilateralismo e de uma parceria estrat\u00e9gica renovada entre os dois continentes<\/strong>. Fonte <strong><em><a href=\"https:\/\/www.opais.ao\/politica\/declaracao-de-luanda-apresentada-em-abuja-como-novo-marco-para-o-multilateralismo-africa-europa\/\">Opa\u00eds<\/a><\/em><\/strong><\/p>\n","protected":false},"excerpt":{"rendered":"<p>Os resultados da 7.\u00aa Cimeira uni\u00e3o Africana\u2013 Uni\u00e3o Europeia, realizada em Luanda entre os dias 24 e 25 do m\u00eas passado, foram apresentados no in\u00edcio desta semana ao Corpo diplom\u00e1tico em Abuja, Nig\u00e9ria, numa sess\u00e3o que sublinhou a declara\u00e7\u00e3o de Luanda como um passo decisivo para o refor\u00e7o do multilateralismo e de uma parceria estrat\u00e9gica [&hellip;]<\/p>\n","protected":false},"author":3,"featured_media":3319,"comment_status":"open","ping_status":"open","sticky":false,"template":"","format":"standard","meta":{"footnotes":""},"categories":[16],"tags":[1319,1318],"class_list":["post-3318","post","type-post","status-publish","format-standard","has-post-thumbnail","hentry","category-actualidade","tag-africa-europa","tag-declaracao-de-luanda"],"blocksy_meta":[],"_links":{"self":[{"href":"https:\/\/www.radiomais.ao\/index.php\/wp-json\/wp\/v2\/posts\/3318","targetHints":{"allow":["GET"]}}],"collection":[{"href":"https:\/\/www.radiomais.ao\/index.php\/wp-json\/wp\/v2\/posts"}],"about":[{"href":"https:\/\/www.radiomais.ao\/index.php\/wp-json\/wp\/v2\/types\/post"}],"author":[{"embeddable":true,"href":"https:\/\/www.radiomais.ao\/index.php\/wp-json\/wp\/v2\/users\/3"}],"replies":[{"embeddable":true,"href":"https:\/\/www.radiomais.ao\/index.php\/wp-json\/wp\/v2\/comments?post=3318"}],"version-history":[{"count":1,"href":"https:\/\/www.radiomais.ao\/index.php\/wp-json\/wp\/v2\/posts\/3318\/revisions"}],"predecessor-version":[{"id":3320,"href":"https:\/\/www.radiomais.ao\/index.php\/wp-json\/wp\/v2\/posts\/3318\/revisions\/3320"}],"wp:featuredmedia":[{"embeddable":true,"href":"https:\/\/www.radiomais.ao\/index.php\/wp-json\/wp\/v2\/media\/3319"}],"wp:attachment":[{"href":"https:\/\/www.radiomais.ao\/index.php\/wp-json\/wp\/v2\/media?parent=3318"}],"wp:term":[{"taxonomy":"category","embeddable":true,"href":"https:\/\/www.radiomais.ao\/index.php\/wp-json\/wp\/v2\/categories?post=3318"},{"taxonomy":"post_tag","embeddable":true,"href":"https:\/\/www.radiomais.ao\/index.php\/wp-json\/wp\/v2\/tags?post=3318"}],"curies":[{"name":"wp","href":"https:\/\/api.w.org\/{rel}","templated":true}]}}