{"id":3327,"date":"2025-12-11T09:07:17","date_gmt":"2025-12-11T08:07:17","guid":{"rendered":"https:\/\/www.radiomais.ao\/?p=3327"},"modified":"2025-12-11T09:07:17","modified_gmt":"2025-12-11T08:07:17","slug":"policias-e-taxistas-lideram-lista-de-denuncias-de-fuga-a-paternidade","status":"publish","type":"post","link":"https:\/\/www.radiomais.ao\/index.php\/2025\/12\/11\/policias-e-taxistas-lideram-lista-de-denuncias-de-fuga-a-paternidade\/","title":{"rendered":"Pol\u00edcias e taxistas lideram lista de den\u00fancias de fuga \u00e0 paternidade."},"content":{"rendered":"\n<p><strong>Um total de 5.622 den\u00fancias chegaram ao Instituto Nacional da Crian\u00e7a (INAC), no per\u00edodo de Janeiro a Outubro do corrente ano, relacionadas \u00e0 fuga \u00e0 paternidade. Das pessoas por profiss\u00f5es denunciadas, a lista a que o jornal OPA\u00cdS teve acesso d\u00e1 conta de que os pol\u00edcias, os taxistas e os engenheiros s\u00e3o os que lideram este tipo de viol\u00eancia contra crian\u00e7a<\/strong>. Fonte <strong><em><a href=\"https:\/\/www.opais.ao\/sociedade\/policias-e-taxistas-lideram-lista-de-denuncias-de-fuga-a-paternidade\/\">Opa\u00eds<\/a><\/em><\/strong><\/p>\n","protected":false},"excerpt":{"rendered":"<p>Um total de 5.622 den\u00fancias chegaram ao Instituto Nacional da Crian\u00e7a (INAC), no per\u00edodo de Janeiro a Outubro do corrente ano, relacionadas \u00e0 fuga \u00e0 paternidade. Das pessoas por profiss\u00f5es denunciadas, a lista a que o jornal OPA\u00cdS teve acesso d\u00e1 conta de que os pol\u00edcias, os taxistas e os engenheiros s\u00e3o os que lideram [&hellip;]<\/p>\n","protected":false},"author":3,"featured_media":3328,"comment_status":"open","ping_status":"open","sticky":false,"template":"","format":"standard","meta":{"footnotes":""},"categories":[16],"tags":[1325,1324,80],"class_list":["post-3327","post","type-post","status-publish","format-standard","has-post-thumbnail","hentry","category-actualidade","tag-fuga-a-paternidade","tag-policias","tag-taxistas"],"blocksy_meta":[],"_links":{"self":[{"href":"https:\/\/www.radiomais.ao\/index.php\/wp-json\/wp\/v2\/posts\/3327","targetHints":{"allow":["GET"]}}],"collection":[{"href":"https:\/\/www.radiomais.ao\/index.php\/wp-json\/wp\/v2\/posts"}],"about":[{"href":"https:\/\/www.radiomais.ao\/index.php\/wp-json\/wp\/v2\/types\/post"}],"author":[{"embeddable":true,"href":"https:\/\/www.radiomais.ao\/index.php\/wp-json\/wp\/v2\/users\/3"}],"replies":[{"embeddable":true,"href":"https:\/\/www.radiomais.ao\/index.php\/wp-json\/wp\/v2\/comments?post=3327"}],"version-history":[{"count":1,"href":"https:\/\/www.radiomais.ao\/index.php\/wp-json\/wp\/v2\/posts\/3327\/revisions"}],"predecessor-version":[{"id":3329,"href":"https:\/\/www.radiomais.ao\/index.php\/wp-json\/wp\/v2\/posts\/3327\/revisions\/3329"}],"wp:featuredmedia":[{"embeddable":true,"href":"https:\/\/www.radiomais.ao\/index.php\/wp-json\/wp\/v2\/media\/3328"}],"wp:attachment":[{"href":"https:\/\/www.radiomais.ao\/index.php\/wp-json\/wp\/v2\/media?parent=3327"}],"wp:term":[{"taxonomy":"category","embeddable":true,"href":"https:\/\/www.radiomais.ao\/index.php\/wp-json\/wp\/v2\/categories?post=3327"},{"taxonomy":"post_tag","embeddable":true,"href":"https:\/\/www.radiomais.ao\/index.php\/wp-json\/wp\/v2\/tags?post=3327"}],"curies":[{"name":"wp","href":"https:\/\/api.w.org\/{rel}","templated":true}]}}