{"id":3330,"date":"2025-12-11T09:12:00","date_gmt":"2025-12-11T08:12:00","guid":{"rendered":"https:\/\/www.radiomais.ao\/?p=3330"},"modified":"2025-12-11T09:12:00","modified_gmt":"2025-12-11T08:12:00","slug":"banco-mundial-financia-300-milhoes-de-dolares-para-o-reforco-da-capacidade-das-pequenas-empresas","status":"publish","type":"post","link":"https:\/\/www.radiomais.ao\/index.php\/2025\/12\/11\/banco-mundial-financia-300-milhoes-de-dolares-para-o-reforco-da-capacidade-das-pequenas-empresas\/","title":{"rendered":"Banco mundial financia 300 milh\u00f5es de d\u00f3lares para o refor\u00e7o da capacidade das pequenas empresas."},"content":{"rendered":"\n<p><strong>No \u00e2mbito do Projecto \u201cdiversificar mais\u201d, iniciativa do instituto nacional de Apoio \u00e0s micro, Pequenas e m\u00e9dias empresas (INAPEM), o Banco mundial financiou 300 milh\u00f5es de d\u00f3lares, no quadro de um acordo celebrado com o governo angolano, que tem como objectivo acelerar a diversifica\u00e7\u00e3o da economia e criar empregos sustent\u00e1veis, com o foco especial nas prov\u00edncias do Corredor do Lobito<\/strong>. Fonte<strong><em><a href=\"https:\/\/www.opais.ao\/economia\/banco-mundial-financia-300-milhoes-de-dolares-para-o-reforco-da-capacidade-das-pequenas-empresas\/\"> Opa\u00eds<\/a><\/em><\/strong><\/p>\n","protected":false},"excerpt":{"rendered":"<p>No \u00e2mbito do Projecto \u201cdiversificar mais\u201d, iniciativa do instituto nacional de Apoio \u00e0s micro, Pequenas e m\u00e9dias empresas (INAPEM), o Banco mundial financiou 300 milh\u00f5es de d\u00f3lares, no quadro de um acordo celebrado com o governo angolano, que tem como objectivo acelerar a diversifica\u00e7\u00e3o da economia e criar empregos sustent\u00e1veis, com o foco especial nas [&hellip;]<\/p>\n","protected":false},"author":3,"featured_media":3331,"comment_status":"open","ping_status":"open","sticky":false,"template":"","format":"standard","meta":{"footnotes":""},"categories":[16],"tags":[1327,1326],"class_list":["post-3330","post","type-post","status-publish","format-standard","has-post-thumbnail","hentry","category-actualidade","tag-300-milhoes-de-kwanzas","tag-banco-mundial"],"blocksy_meta":[],"_links":{"self":[{"href":"https:\/\/www.radiomais.ao\/index.php\/wp-json\/wp\/v2\/posts\/3330","targetHints":{"allow":["GET"]}}],"collection":[{"href":"https:\/\/www.radiomais.ao\/index.php\/wp-json\/wp\/v2\/posts"}],"about":[{"href":"https:\/\/www.radiomais.ao\/index.php\/wp-json\/wp\/v2\/types\/post"}],"author":[{"embeddable":true,"href":"https:\/\/www.radiomais.ao\/index.php\/wp-json\/wp\/v2\/users\/3"}],"replies":[{"embeddable":true,"href":"https:\/\/www.radiomais.ao\/index.php\/wp-json\/wp\/v2\/comments?post=3330"}],"version-history":[{"count":1,"href":"https:\/\/www.radiomais.ao\/index.php\/wp-json\/wp\/v2\/posts\/3330\/revisions"}],"predecessor-version":[{"id":3332,"href":"https:\/\/www.radiomais.ao\/index.php\/wp-json\/wp\/v2\/posts\/3330\/revisions\/3332"}],"wp:featuredmedia":[{"embeddable":true,"href":"https:\/\/www.radiomais.ao\/index.php\/wp-json\/wp\/v2\/media\/3331"}],"wp:attachment":[{"href":"https:\/\/www.radiomais.ao\/index.php\/wp-json\/wp\/v2\/media?parent=3330"}],"wp:term":[{"taxonomy":"category","embeddable":true,"href":"https:\/\/www.radiomais.ao\/index.php\/wp-json\/wp\/v2\/categories?post=3330"},{"taxonomy":"post_tag","embeddable":true,"href":"https:\/\/www.radiomais.ao\/index.php\/wp-json\/wp\/v2\/tags?post=3330"}],"curies":[{"name":"wp","href":"https:\/\/api.w.org\/{rel}","templated":true}]}}