{"id":3336,"date":"2025-12-11T09:49:58","date_gmt":"2025-12-11T08:49:58","guid":{"rendered":"https:\/\/www.radiomais.ao\/?p=3336"},"modified":"2025-12-11T09:49:58","modified_gmt":"2025-12-11T08:49:58","slug":"detida-cidada-por-asfixiar-e-afogar-ate-a-morte-o-filho-de-1-ano","status":"publish","type":"post","link":"https:\/\/www.radiomais.ao\/index.php\/2025\/12\/11\/detida-cidada-por-asfixiar-e-afogar-ate-a-morte-o-filho-de-1-ano\/","title":{"rendered":"Detida cidad\u00e3 por asfixiar e afogar at\u00e9 \u00e0 morte o filho de 1 ano."},"content":{"rendered":"\n<p>Segundo o SIC, o facto foi denunciado por populares e ocorreu por volta das 6 horas, quando a suspeita, alegadamente por n\u00e3o se sentir em condi\u00e7\u00f5es de sustentar os seus tr\u00eas filhos, de 7, 5 e 1 ano, ter\u00e1 decidido p\u00f4r fim \u00e0 vida das crian\u00e7as, tendo iniciado a a\u00e7\u00e3o pelo filho mais novo. Fonte <strong><em><a href=\"https:\/\/www.opais.ao\/ultimas_hora\/detida-cidada-por-asfixiar-e-afogar-ate-a-morte-o-filho-de-1-ano\/\">Opa\u00eds<\/a><\/em><\/strong><\/p>\n","protected":false},"excerpt":{"rendered":"<p>Segundo o SIC, o facto foi denunciado por populares e ocorreu por volta das 6 horas, quando a suspeita, alegadamente por n\u00e3o se sentir em condi\u00e7\u00f5es de sustentar os seus tr\u00eas filhos, de 7, 5 e 1 ano, ter\u00e1 decidido p\u00f4r fim \u00e0 vida das crian\u00e7as, tendo iniciado a a\u00e7\u00e3o pelo filho mais novo. Fonte [&hellip;]<\/p>\n","protected":false},"author":3,"featured_media":3337,"comment_status":"open","ping_status":"open","sticky":false,"template":"","format":"standard","meta":{"footnotes":""},"categories":[16],"tags":[1331],"class_list":["post-3336","post","type-post","status-publish","format-standard","has-post-thumbnail","hentry","category-actualidade","tag-mae-asfixia-o-filho"],"blocksy_meta":[],"_links":{"self":[{"href":"https:\/\/www.radiomais.ao\/index.php\/wp-json\/wp\/v2\/posts\/3336","targetHints":{"allow":["GET"]}}],"collection":[{"href":"https:\/\/www.radiomais.ao\/index.php\/wp-json\/wp\/v2\/posts"}],"about":[{"href":"https:\/\/www.radiomais.ao\/index.php\/wp-json\/wp\/v2\/types\/post"}],"author":[{"embeddable":true,"href":"https:\/\/www.radiomais.ao\/index.php\/wp-json\/wp\/v2\/users\/3"}],"replies":[{"embeddable":true,"href":"https:\/\/www.radiomais.ao\/index.php\/wp-json\/wp\/v2\/comments?post=3336"}],"version-history":[{"count":1,"href":"https:\/\/www.radiomais.ao\/index.php\/wp-json\/wp\/v2\/posts\/3336\/revisions"}],"predecessor-version":[{"id":3338,"href":"https:\/\/www.radiomais.ao\/index.php\/wp-json\/wp\/v2\/posts\/3336\/revisions\/3338"}],"wp:featuredmedia":[{"embeddable":true,"href":"https:\/\/www.radiomais.ao\/index.php\/wp-json\/wp\/v2\/media\/3337"}],"wp:attachment":[{"href":"https:\/\/www.radiomais.ao\/index.php\/wp-json\/wp\/v2\/media?parent=3336"}],"wp:term":[{"taxonomy":"category","embeddable":true,"href":"https:\/\/www.radiomais.ao\/index.php\/wp-json\/wp\/v2\/categories?post=3336"},{"taxonomy":"post_tag","embeddable":true,"href":"https:\/\/www.radiomais.ao\/index.php\/wp-json\/wp\/v2\/tags?post=3336"}],"curies":[{"name":"wp","href":"https:\/\/api.w.org\/{rel}","templated":true}]}}