{"id":3339,"date":"2025-12-11T09:53:59","date_gmt":"2025-12-11T08:53:59","guid":{"rendered":"https:\/\/www.radiomais.ao\/?p=3339"},"modified":"2025-12-11T09:53:59","modified_gmt":"2025-12-11T08:53:59","slug":"executivo-inicia-hoje-construcao-de-mais-de-duas-mil-casas-no-projecto-kk5800","status":"publish","type":"post","link":"https:\/\/www.radiomais.ao\/index.php\/2025\/12\/11\/executivo-inicia-hoje-construcao-de-mais-de-duas-mil-casas-no-projecto-kk5800\/","title":{"rendered":"Executivo inicia hoje constru\u00e7\u00e3o de mais de duas mil casas no Projecto KK5800."},"content":{"rendered":"\n<p>O Minist\u00e9rio das Obras P\u00fablicas, Urbanismo e Habita\u00e7\u00e3o, atrav\u00e9s do Instituto Nacional de Habita\u00e7\u00e3o, realiza nesta quinta-feira, a cerim\u00f3nia de lan\u00e7amento da empreitada de constru\u00e7\u00e3o de 2.546 novas habita\u00e7\u00f5es, referente ao Lote 2, da Urbaniza\u00e7\u00e3o KK5800. Fonte <strong><em><a href=\"https:\/\/www.opais.ao\/ultimas_hora\/executivo-inicia-hoje-construcao-de-mais-de-duas-mil-casas-no-projecto-kk5800\/\">Opa\u00eds<\/a><\/em><\/strong><\/p>\n","protected":false},"excerpt":{"rendered":"<p>O Minist\u00e9rio das Obras P\u00fablicas, Urbanismo e Habita\u00e7\u00e3o, atrav\u00e9s do Instituto Nacional de Habita\u00e7\u00e3o, realiza nesta quinta-feira, a cerim\u00f3nia de lan\u00e7amento da empreitada de constru\u00e7\u00e3o de 2.546 novas habita\u00e7\u00f5es, referente ao Lote 2, da Urbaniza\u00e7\u00e3o KK5800. Fonte Opa\u00eds<\/p>\n","protected":false},"author":3,"featured_media":3340,"comment_status":"open","ping_status":"open","sticky":false,"template":"","format":"standard","meta":{"footnotes":""},"categories":[16],"tags":[1333,1332],"class_list":["post-3339","post","type-post","status-publish","format-standard","has-post-thumbnail","hentry","category-actualidade","tag-construcao-de-mais-de-duas-mil-casas","tag-projecto-kk5800"],"blocksy_meta":[],"_links":{"self":[{"href":"https:\/\/www.radiomais.ao\/index.php\/wp-json\/wp\/v2\/posts\/3339","targetHints":{"allow":["GET"]}}],"collection":[{"href":"https:\/\/www.radiomais.ao\/index.php\/wp-json\/wp\/v2\/posts"}],"about":[{"href":"https:\/\/www.radiomais.ao\/index.php\/wp-json\/wp\/v2\/types\/post"}],"author":[{"embeddable":true,"href":"https:\/\/www.radiomais.ao\/index.php\/wp-json\/wp\/v2\/users\/3"}],"replies":[{"embeddable":true,"href":"https:\/\/www.radiomais.ao\/index.php\/wp-json\/wp\/v2\/comments?post=3339"}],"version-history":[{"count":1,"href":"https:\/\/www.radiomais.ao\/index.php\/wp-json\/wp\/v2\/posts\/3339\/revisions"}],"predecessor-version":[{"id":3341,"href":"https:\/\/www.radiomais.ao\/index.php\/wp-json\/wp\/v2\/posts\/3339\/revisions\/3341"}],"wp:featuredmedia":[{"embeddable":true,"href":"https:\/\/www.radiomais.ao\/index.php\/wp-json\/wp\/v2\/media\/3340"}],"wp:attachment":[{"href":"https:\/\/www.radiomais.ao\/index.php\/wp-json\/wp\/v2\/media?parent=3339"}],"wp:term":[{"taxonomy":"category","embeddable":true,"href":"https:\/\/www.radiomais.ao\/index.php\/wp-json\/wp\/v2\/categories?post=3339"},{"taxonomy":"post_tag","embeddable":true,"href":"https:\/\/www.radiomais.ao\/index.php\/wp-json\/wp\/v2\/tags?post=3339"}],"curies":[{"name":"wp","href":"https:\/\/api.w.org\/{rel}","templated":true}]}}