{"id":3342,"date":"2025-12-11T10:02:08","date_gmt":"2025-12-11T09:02:08","guid":{"rendered":"https:\/\/www.radiomais.ao\/?p=3342"},"modified":"2025-12-11T10:02:08","modified_gmt":"2025-12-11T09:02:08","slug":"obras-da-barragem-do-bero-decorrem-a-bom-ritmo","status":"publish","type":"post","link":"https:\/\/www.radiomais.ao\/index.php\/2025\/12\/11\/obras-da-barragem-do-bero-decorrem-a-bom-ritmo\/","title":{"rendered":"Obras da Barragem do Bero decorrem a bom ritmo."},"content":{"rendered":"\n<p>O Minist\u00e9rio da Energia e \u00c1guas, no \u00e2mbito do Programa de Combate aos Efeitos da Seca no Sul de Angola (PCESSA), est\u00e1 a levar a cabo projectos para mitigar os efeitos nefastos da seca c\u00edclica no Namibe, que t\u00eam criado imensas dificuldades no dia a dia dos cidad\u00e3os da referida prov\u00edncia, a diversos n\u00edveis. Fonte <strong><em><a href=\"https:\/\/www.opais.ao\/ultimas_hora\/obras-da-barragem-do-bero-decorrem-a-bom-ritmo\/\">Opa\u00eds<\/a><\/em><\/strong><\/p>\n","protected":false},"excerpt":{"rendered":"<p>O Minist\u00e9rio da Energia e \u00c1guas, no \u00e2mbito do Programa de Combate aos Efeitos da Seca no Sul de Angola (PCESSA), est\u00e1 a levar a cabo projectos para mitigar os efeitos nefastos da seca c\u00edclica no Namibe, que t\u00eam criado imensas dificuldades no dia a dia dos cidad\u00e3os da referida prov\u00edncia, a diversos n\u00edveis. Fonte [&hellip;]<\/p>\n","protected":false},"author":3,"featured_media":3343,"comment_status":"open","ping_status":"open","sticky":false,"template":"","format":"standard","meta":{"footnotes":""},"categories":[16],"tags":[1334,1335],"class_list":["post-3342","post","type-post","status-publish","format-standard","has-post-thumbnail","hentry","category-actualidade","tag-barragem-do-bero","tag-obras-a-bom-ritimo"],"blocksy_meta":[],"_links":{"self":[{"href":"https:\/\/www.radiomais.ao\/index.php\/wp-json\/wp\/v2\/posts\/3342","targetHints":{"allow":["GET"]}}],"collection":[{"href":"https:\/\/www.radiomais.ao\/index.php\/wp-json\/wp\/v2\/posts"}],"about":[{"href":"https:\/\/www.radiomais.ao\/index.php\/wp-json\/wp\/v2\/types\/post"}],"author":[{"embeddable":true,"href":"https:\/\/www.radiomais.ao\/index.php\/wp-json\/wp\/v2\/users\/3"}],"replies":[{"embeddable":true,"href":"https:\/\/www.radiomais.ao\/index.php\/wp-json\/wp\/v2\/comments?post=3342"}],"version-history":[{"count":1,"href":"https:\/\/www.radiomais.ao\/index.php\/wp-json\/wp\/v2\/posts\/3342\/revisions"}],"predecessor-version":[{"id":3344,"href":"https:\/\/www.radiomais.ao\/index.php\/wp-json\/wp\/v2\/posts\/3342\/revisions\/3344"}],"wp:featuredmedia":[{"embeddable":true,"href":"https:\/\/www.radiomais.ao\/index.php\/wp-json\/wp\/v2\/media\/3343"}],"wp:attachment":[{"href":"https:\/\/www.radiomais.ao\/index.php\/wp-json\/wp\/v2\/media?parent=3342"}],"wp:term":[{"taxonomy":"category","embeddable":true,"href":"https:\/\/www.radiomais.ao\/index.php\/wp-json\/wp\/v2\/categories?post=3342"},{"taxonomy":"post_tag","embeddable":true,"href":"https:\/\/www.radiomais.ao\/index.php\/wp-json\/wp\/v2\/tags?post=3342"}],"curies":[{"name":"wp","href":"https:\/\/api.w.org\/{rel}","templated":true}]}}