{"id":3345,"date":"2025-12-11T11:20:04","date_gmt":"2025-12-11T10:20:04","guid":{"rendered":"https:\/\/www.radiomais.ao\/?p=3345"},"modified":"2025-12-11T11:20:04","modified_gmt":"2025-12-11T10:20:04","slug":"assinala-se-hoje-o-dia-internacional-das-montanhas","status":"publish","type":"post","link":"https:\/\/www.radiomais.ao\/index.php\/2025\/12\/11\/assinala-se-hoje-o-dia-internacional-das-montanhas\/","title":{"rendered":"Assinala-se hoje o Dia Internacional das Montanhas."},"content":{"rendered":"\n<p>uma data que refor\u00e7a a import\u00e2ncia destes ecossistemas para o equil\u00edbrio ambiental e a sustentabilidade global.<\/p>\n\n\n\n<p>Em Angola, as regi\u00f5es montanhosas ocupam cerca de 15% do territ\u00f3rio nacional e s\u00e3o fundamentais para a regula\u00e7\u00e3o do clima, prote\u00e7\u00e3o da biodiversidade e o fornecimento de \u00e1gua atrav\u00e9s das principais nascentes.<\/p>\n\n\n\n<p>O ambientalista Vladimir Russo, em entrevista \u00e0 R\u00e1dio Mais, destacou o potencial das montanhas para atividades econ\u00f3micas sustent\u00e1veis, como turismo ecol\u00f3gico e cultural.<\/p>\n\n\n\n<figure class=\"wp-block-embed is-type-rich is-provider-soundcloud wp-block-embed-soundcloud\"><div class=\"wp-block-embed__wrapper\">\n<iframe title=\"Efem\u00e9ride:  Dia Internacional das montanhas . by RadioMais\" width=\"1290\" height=\"400\" scrolling=\"no\" frameborder=\"no\" src=\"https:\/\/w.soundcloud.com\/player\/?visual=true&#038;url=https%3A%2F%2Fapi.soundcloud.com%2Ftracks%2F2227744424&#038;show_artwork=true&#038;maxheight=1000&#038;maxwidth=1290\"><\/iframe>\n<\/div><\/figure>\n","protected":false},"excerpt":{"rendered":"<p>uma data que refor\u00e7a a import\u00e2ncia destes ecossistemas para o equil\u00edbrio ambiental e a sustentabilidade global. Em Angola, as regi\u00f5es montanhosas ocupam cerca de 15% do territ\u00f3rio nacional e s\u00e3o fundamentais para a regula\u00e7\u00e3o do clima, prote\u00e7\u00e3o da biodiversidade e o fornecimento de \u00e1gua atrav\u00e9s das principais nascentes. O ambientalista Vladimir Russo, em entrevista \u00e0 [&hellip;]<\/p>\n","protected":false},"author":3,"featured_media":3346,"comment_status":"open","ping_status":"open","sticky":false,"template":"","format":"standard","meta":{"footnotes":""},"categories":[16],"tags":[1337,1336],"class_list":["post-3345","post","type-post","status-publish","format-standard","has-post-thumbnail","hentry","category-actualidade","tag-dia-internacional-das-montanhas","tag-efemeride"],"blocksy_meta":[],"_links":{"self":[{"href":"https:\/\/www.radiomais.ao\/index.php\/wp-json\/wp\/v2\/posts\/3345","targetHints":{"allow":["GET"]}}],"collection":[{"href":"https:\/\/www.radiomais.ao\/index.php\/wp-json\/wp\/v2\/posts"}],"about":[{"href":"https:\/\/www.radiomais.ao\/index.php\/wp-json\/wp\/v2\/types\/post"}],"author":[{"embeddable":true,"href":"https:\/\/www.radiomais.ao\/index.php\/wp-json\/wp\/v2\/users\/3"}],"replies":[{"embeddable":true,"href":"https:\/\/www.radiomais.ao\/index.php\/wp-json\/wp\/v2\/comments?post=3345"}],"version-history":[{"count":1,"href":"https:\/\/www.radiomais.ao\/index.php\/wp-json\/wp\/v2\/posts\/3345\/revisions"}],"predecessor-version":[{"id":3347,"href":"https:\/\/www.radiomais.ao\/index.php\/wp-json\/wp\/v2\/posts\/3345\/revisions\/3347"}],"wp:featuredmedia":[{"embeddable":true,"href":"https:\/\/www.radiomais.ao\/index.php\/wp-json\/wp\/v2\/media\/3346"}],"wp:attachment":[{"href":"https:\/\/www.radiomais.ao\/index.php\/wp-json\/wp\/v2\/media?parent=3345"}],"wp:term":[{"taxonomy":"category","embeddable":true,"href":"https:\/\/www.radiomais.ao\/index.php\/wp-json\/wp\/v2\/categories?post=3345"},{"taxonomy":"post_tag","embeddable":true,"href":"https:\/\/www.radiomais.ao\/index.php\/wp-json\/wp\/v2\/tags?post=3345"}],"curies":[{"name":"wp","href":"https:\/\/api.w.org\/{rel}","templated":true}]}}