{"id":3348,"date":"2025-12-11T11:52:07","date_gmt":"2025-12-11T10:52:07","guid":{"rendered":"https:\/\/www.radiomais.ao\/?p=3348"},"modified":"2025-12-11T11:52:07","modified_gmt":"2025-12-11T10:52:07","slug":"municipio-de-benguela-vai-beneficiar-de-um-programa-de-alimentacao-alimentar","status":"publish","type":"post","link":"https:\/\/www.radiomais.ao\/index.php\/2025\/12\/11\/municipio-de-benguela-vai-beneficiar-de-um-programa-de-alimentacao-alimentar\/","title":{"rendered":"Munic\u00edpio de Benguela vai beneficiar de um programa de alimenta\u00e7\u00e3o alimentar."},"content":{"rendered":"\n<p>O Munic\u00edpio de Benguela vai beneficiar de um programa de alimenta\u00e7\u00e3o escolar, com in\u00edcio previsto para 2026, fruto de um investimento p\u00fablico avaliado em cerca de tr\u00eas mil milh\u00f5es de kwanzas.<\/p>\n\n\n\n<p> O Administrador Municipal, Armando Vieira, o processo vai abranger mais de cem institui\u00e7\u00f5es do ensino prim\u00e1rio do Munic\u00edpio.<\/p>\n\n\n\n<figure class=\"wp-block-embed is-type-rich is-provider-soundcloud wp-block-embed-soundcloud\"><div class=\"wp-block-embed__wrapper\">\n<iframe title=\"Munic\u00edpio de Benguela  vai beneficiar de um programa de alimenta\u00e7\u00e3o escolar. by RadioMais\" width=\"1290\" height=\"400\" scrolling=\"no\" frameborder=\"no\" src=\"https:\/\/w.soundcloud.com\/player\/?visual=true&#038;url=https%3A%2F%2Fapi.soundcloud.com%2Ftracks%2F2227751213&#038;show_artwork=true&#038;maxheight=1000&#038;maxwidth=1290\"><\/iframe>\n<\/div><\/figure>\n","protected":false},"excerpt":{"rendered":"<p>O Munic\u00edpio de Benguela vai beneficiar de um programa de alimenta\u00e7\u00e3o escolar, com in\u00edcio previsto para 2026, fruto de um investimento p\u00fablico avaliado em cerca de tr\u00eas mil milh\u00f5es de kwanzas. O Administrador Municipal, Armando Vieira, o processo vai abranger mais de cem institui\u00e7\u00f5es do ensino prim\u00e1rio do Munic\u00edpio.<\/p>\n","protected":false},"author":3,"featured_media":3349,"comment_status":"open","ping_status":"open","sticky":false,"template":"","format":"standard","meta":{"footnotes":""},"categories":[16],"tags":[1231,1338],"class_list":["post-3348","post","type-post","status-publish","format-standard","has-post-thumbnail","hentry","category-actualidade","tag-alimentacao-escolar","tag-benguela-vai-beneficiar-do-programa"],"blocksy_meta":[],"_links":{"self":[{"href":"https:\/\/www.radiomais.ao\/index.php\/wp-json\/wp\/v2\/posts\/3348","targetHints":{"allow":["GET"]}}],"collection":[{"href":"https:\/\/www.radiomais.ao\/index.php\/wp-json\/wp\/v2\/posts"}],"about":[{"href":"https:\/\/www.radiomais.ao\/index.php\/wp-json\/wp\/v2\/types\/post"}],"author":[{"embeddable":true,"href":"https:\/\/www.radiomais.ao\/index.php\/wp-json\/wp\/v2\/users\/3"}],"replies":[{"embeddable":true,"href":"https:\/\/www.radiomais.ao\/index.php\/wp-json\/wp\/v2\/comments?post=3348"}],"version-history":[{"count":1,"href":"https:\/\/www.radiomais.ao\/index.php\/wp-json\/wp\/v2\/posts\/3348\/revisions"}],"predecessor-version":[{"id":3350,"href":"https:\/\/www.radiomais.ao\/index.php\/wp-json\/wp\/v2\/posts\/3348\/revisions\/3350"}],"wp:featuredmedia":[{"embeddable":true,"href":"https:\/\/www.radiomais.ao\/index.php\/wp-json\/wp\/v2\/media\/3349"}],"wp:attachment":[{"href":"https:\/\/www.radiomais.ao\/index.php\/wp-json\/wp\/v2\/media?parent=3348"}],"wp:term":[{"taxonomy":"category","embeddable":true,"href":"https:\/\/www.radiomais.ao\/index.php\/wp-json\/wp\/v2\/categories?post=3348"},{"taxonomy":"post_tag","embeddable":true,"href":"https:\/\/www.radiomais.ao\/index.php\/wp-json\/wp\/v2\/tags?post=3348"}],"curies":[{"name":"wp","href":"https:\/\/api.w.org\/{rel}","templated":true}]}}