{"id":3351,"date":"2025-12-11T12:04:06","date_gmt":"2025-12-11T11:04:06","guid":{"rendered":"https:\/\/www.radiomais.ao\/?p=3351"},"modified":"2025-12-11T12:04:06","modified_gmt":"2025-12-11T11:04:06","slug":"aia-pretende-instalar-uma-fabrica-de-oleo-alimentar-no-municipio-do-cubal-em-benguela","status":"publish","type":"post","link":"https:\/\/www.radiomais.ao\/index.php\/2025\/12\/11\/aia-pretende-instalar-uma-fabrica-de-oleo-alimentar-no-municipio-do-cubal-em-benguela\/","title":{"rendered":"AIA pretende instalar uma f\u00e1brica de \u00f3leo alimentar no munic\u00edpio do Cubal, em Benguela."},"content":{"rendered":"\n<p>Associa\u00e7\u00e3o Industrial de Angola pretende instalar uma f\u00e1brica de \u00f3leo alimentar no munic\u00edpio do Cubal, em Benguela.<\/p>\n\n\n\n<p>A inten\u00e7\u00e3o foi manifesta\u00e7\u00e3o pelo seu Presidente Jos\u00e9 Severino, ap\u00f3s um encontro com as autoridades Administrativas do referido Munic\u00edpio.&nbsp;<\/p>\n\n\n\n<figure class=\"wp-block-embed is-type-rich is-provider-soundcloud wp-block-embed-soundcloud\"><div class=\"wp-block-embed__wrapper\">\n<iframe title=\"AIA vai instalar uma f\u00e1brica de \u00f3leo Alimentar no Cubal. by RadioMais\" width=\"1290\" height=\"400\" scrolling=\"no\" frameborder=\"no\" src=\"https:\/\/w.soundcloud.com\/player\/?visual=true&#038;url=https%3A%2F%2Fapi.soundcloud.com%2Ftracks%2F2227755530&#038;show_artwork=true&#038;maxheight=1000&#038;maxwidth=1290\"><\/iframe>\n<\/div><\/figure>\n","protected":false},"excerpt":{"rendered":"<p>Associa\u00e7\u00e3o Industrial de Angola pretende instalar uma f\u00e1brica de \u00f3leo alimentar no munic\u00edpio do Cubal, em Benguela. A inten\u00e7\u00e3o foi manifesta\u00e7\u00e3o pelo seu Presidente Jos\u00e9 Severino, ap\u00f3s um encontro com as autoridades Administrativas do referido Munic\u00edpio.&nbsp;<\/p>\n","protected":false},"author":3,"featured_media":3352,"comment_status":"open","ping_status":"open","sticky":false,"template":"","format":"standard","meta":{"footnotes":""},"categories":[16],"tags":[1339,1342,1341,1340],"class_list":["post-3351","post","type-post","status-publish","format-standard","has-post-thumbnail","hentry","category-actualidade","tag-aia","tag-cubal","tag-fabrica-2","tag-oleo-alimentar"],"blocksy_meta":[],"_links":{"self":[{"href":"https:\/\/www.radiomais.ao\/index.php\/wp-json\/wp\/v2\/posts\/3351","targetHints":{"allow":["GET"]}}],"collection":[{"href":"https:\/\/www.radiomais.ao\/index.php\/wp-json\/wp\/v2\/posts"}],"about":[{"href":"https:\/\/www.radiomais.ao\/index.php\/wp-json\/wp\/v2\/types\/post"}],"author":[{"embeddable":true,"href":"https:\/\/www.radiomais.ao\/index.php\/wp-json\/wp\/v2\/users\/3"}],"replies":[{"embeddable":true,"href":"https:\/\/www.radiomais.ao\/index.php\/wp-json\/wp\/v2\/comments?post=3351"}],"version-history":[{"count":1,"href":"https:\/\/www.radiomais.ao\/index.php\/wp-json\/wp\/v2\/posts\/3351\/revisions"}],"predecessor-version":[{"id":3353,"href":"https:\/\/www.radiomais.ao\/index.php\/wp-json\/wp\/v2\/posts\/3351\/revisions\/3353"}],"wp:featuredmedia":[{"embeddable":true,"href":"https:\/\/www.radiomais.ao\/index.php\/wp-json\/wp\/v2\/media\/3352"}],"wp:attachment":[{"href":"https:\/\/www.radiomais.ao\/index.php\/wp-json\/wp\/v2\/media?parent=3351"}],"wp:term":[{"taxonomy":"category","embeddable":true,"href":"https:\/\/www.radiomais.ao\/index.php\/wp-json\/wp\/v2\/categories?post=3351"},{"taxonomy":"post_tag","embeddable":true,"href":"https:\/\/www.radiomais.ao\/index.php\/wp-json\/wp\/v2\/tags?post=3351"}],"curies":[{"name":"wp","href":"https:\/\/api.w.org\/{rel}","templated":true}]}}