{"id":3354,"date":"2025-12-11T14:43:29","date_gmt":"2025-12-11T13:43:29","guid":{"rendered":"https:\/\/www.radiomais.ao\/?p=3354"},"modified":"2025-12-11T14:43:29","modified_gmt":"2025-12-11T13:43:29","slug":"ex-reclusos-abrangidos-pelo-indulto-presidencial-postos-em-liberdade-a-partir-de-hoje","status":"publish","type":"post","link":"https:\/\/www.radiomais.ao\/index.php\/2025\/12\/11\/ex-reclusos-abrangidos-pelo-indulto-presidencial-postos-em-liberdade-a-partir-de-hoje\/","title":{"rendered":"Ex-reclusos abrangidos pelo indulto presidencial postos em liberdade a partir de hoje."},"content":{"rendered":"\n<p>300&nbsp; Ex-reclusos abrangidos recentemente pelo indulto presidencial, come\u00e7am a ser postos em liberdade partir de hoje.<\/p>\n\n\n\n<p>Os&nbsp; actos de soltura&nbsp; decorrem em 19 prov\u00edncias do Pa\u00eds, no \u00e2mbito das celebra\u00e7\u00f5es dos 50 anos da independ\u00eancia nacional.<\/p>\n\n\n\n<p>Na capital do Pa\u00eds, &nbsp;a cerim\u00f3nia de soltura aconteceu na comarca de luanda, e foi marcada por emo\u00e7\u00e3o, esperan\u00e7a e arrependimento.<\/p>\n\n\n\n<figure class=\"wp-block-embed is-type-rich is-provider-soundcloud wp-block-embed-soundcloud\"><div class=\"wp-block-embed__wrapper\">\n<iframe title=\"Reclusos abrangidos pelo indulto presidencial postos em liberdade a partir de hoje. by RadioMais\" width=\"1290\" height=\"400\" scrolling=\"no\" frameborder=\"no\" src=\"https:\/\/w.soundcloud.com\/player\/?visual=true&#038;url=https%3A%2F%2Fapi.soundcloud.com%2Ftracks%2F2227837055&#038;show_artwork=true&#038;maxheight=1000&#038;maxwidth=1290\"><\/iframe>\n<\/div><\/figure>\n","protected":false},"excerpt":{"rendered":"<p>300&nbsp; Ex-reclusos abrangidos recentemente pelo indulto presidencial, come\u00e7am a ser postos em liberdade partir de hoje. Os&nbsp; actos de soltura&nbsp; decorrem em 19 prov\u00edncias do Pa\u00eds, no \u00e2mbito das celebra\u00e7\u00f5es dos 50 anos da independ\u00eancia nacional. Na capital do Pa\u00eds, &nbsp;a cerim\u00f3nia de soltura aconteceu na comarca de luanda, e foi marcada por emo\u00e7\u00e3o, esperan\u00e7a [&hellip;]<\/p>\n","protected":false},"author":3,"featured_media":3355,"comment_status":"open","ping_status":"open","sticky":false,"template":"","format":"standard","meta":{"footnotes":""},"categories":[16],"tags":[1343,1344],"class_list":["post-3354","post","type-post","status-publish","format-standard","has-post-thumbnail","hentry","category-actualidade","tag-ex-reclusos","tag-indulto-presidencial"],"blocksy_meta":[],"_links":{"self":[{"href":"https:\/\/www.radiomais.ao\/index.php\/wp-json\/wp\/v2\/posts\/3354","targetHints":{"allow":["GET"]}}],"collection":[{"href":"https:\/\/www.radiomais.ao\/index.php\/wp-json\/wp\/v2\/posts"}],"about":[{"href":"https:\/\/www.radiomais.ao\/index.php\/wp-json\/wp\/v2\/types\/post"}],"author":[{"embeddable":true,"href":"https:\/\/www.radiomais.ao\/index.php\/wp-json\/wp\/v2\/users\/3"}],"replies":[{"embeddable":true,"href":"https:\/\/www.radiomais.ao\/index.php\/wp-json\/wp\/v2\/comments?post=3354"}],"version-history":[{"count":1,"href":"https:\/\/www.radiomais.ao\/index.php\/wp-json\/wp\/v2\/posts\/3354\/revisions"}],"predecessor-version":[{"id":3356,"href":"https:\/\/www.radiomais.ao\/index.php\/wp-json\/wp\/v2\/posts\/3354\/revisions\/3356"}],"wp:featuredmedia":[{"embeddable":true,"href":"https:\/\/www.radiomais.ao\/index.php\/wp-json\/wp\/v2\/media\/3355"}],"wp:attachment":[{"href":"https:\/\/www.radiomais.ao\/index.php\/wp-json\/wp\/v2\/media?parent=3354"}],"wp:term":[{"taxonomy":"category","embeddable":true,"href":"https:\/\/www.radiomais.ao\/index.php\/wp-json\/wp\/v2\/categories?post=3354"},{"taxonomy":"post_tag","embeddable":true,"href":"https:\/\/www.radiomais.ao\/index.php\/wp-json\/wp\/v2\/tags?post=3354"}],"curies":[{"name":"wp","href":"https:\/\/api.w.org\/{rel}","templated":true}]}}