{"id":3367,"date":"2025-12-12T09:36:55","date_gmt":"2025-12-12T08:36:55","guid":{"rendered":"https:\/\/www.radiomais.ao\/?p=3367"},"modified":"2025-12-12T09:36:55","modified_gmt":"2025-12-12T08:36:55","slug":"pr-recebe-em-audiencia-director-executivo-do-internacional-finance-corporation","status":"publish","type":"post","link":"https:\/\/www.radiomais.ao\/index.php\/2025\/12\/12\/pr-recebe-em-audiencia-director-executivo-do-internacional-finance-corporation\/","title":{"rendered":"PR recebe em audi\u00eancia director executivo do Internacional Finance Corporation."},"content":{"rendered":"\n<p>Segundo a p\u00e1gina da Presid\u00eancia da Rep\u00fablica, o Internacional Finance Corporation tem como voca\u00e7\u00e3o ajudar a estruturar um sector privado forte e engajado, sobretudo em pa\u00edses de economias emergentes, como via para combater a pobreza extrema e impulsionar a prosperidade compartilhada. Fonte <strong><em><a href=\"https:\/\/www.opais.ao\/politica\/pr-recebe-em-audiencia-director-executivo-do-internacional-finance-corporation\/\">O pa\u00eds<\/a><\/em><\/strong><\/p>\n","protected":false},"excerpt":{"rendered":"<p>Segundo a p\u00e1gina da Presid\u00eancia da Rep\u00fablica, o Internacional Finance Corporation tem como voca\u00e7\u00e3o ajudar a estruturar um sector privado forte e engajado, sobretudo em pa\u00edses de economias emergentes, como via para combater a pobreza extrema e impulsionar a prosperidade compartilhada. Fonte O pa\u00eds<\/p>\n","protected":false},"author":3,"featured_media":3368,"comment_status":"open","ping_status":"open","sticky":false,"template":"","format":"standard","meta":{"footnotes":""},"categories":[16],"tags":[1349,1350,132],"class_list":["post-3367","post","type-post","status-publish","format-standard","has-post-thumbnail","hentry","category-actualidade","tag-audiencia","tag-director-executivo-do-internacional-finance-corporation","tag-pr"],"blocksy_meta":[],"_links":{"self":[{"href":"https:\/\/www.radiomais.ao\/index.php\/wp-json\/wp\/v2\/posts\/3367","targetHints":{"allow":["GET"]}}],"collection":[{"href":"https:\/\/www.radiomais.ao\/index.php\/wp-json\/wp\/v2\/posts"}],"about":[{"href":"https:\/\/www.radiomais.ao\/index.php\/wp-json\/wp\/v2\/types\/post"}],"author":[{"embeddable":true,"href":"https:\/\/www.radiomais.ao\/index.php\/wp-json\/wp\/v2\/users\/3"}],"replies":[{"embeddable":true,"href":"https:\/\/www.radiomais.ao\/index.php\/wp-json\/wp\/v2\/comments?post=3367"}],"version-history":[{"count":1,"href":"https:\/\/www.radiomais.ao\/index.php\/wp-json\/wp\/v2\/posts\/3367\/revisions"}],"predecessor-version":[{"id":3369,"href":"https:\/\/www.radiomais.ao\/index.php\/wp-json\/wp\/v2\/posts\/3367\/revisions\/3369"}],"wp:featuredmedia":[{"embeddable":true,"href":"https:\/\/www.radiomais.ao\/index.php\/wp-json\/wp\/v2\/media\/3368"}],"wp:attachment":[{"href":"https:\/\/www.radiomais.ao\/index.php\/wp-json\/wp\/v2\/media?parent=3367"}],"wp:term":[{"taxonomy":"category","embeddable":true,"href":"https:\/\/www.radiomais.ao\/index.php\/wp-json\/wp\/v2\/categories?post=3367"},{"taxonomy":"post_tag","embeddable":true,"href":"https:\/\/www.radiomais.ao\/index.php\/wp-json\/wp\/v2\/tags?post=3367"}],"curies":[{"name":"wp","href":"https:\/\/api.w.org\/{rel}","templated":true}]}}