{"id":3373,"date":"2025-12-12T09:47:28","date_gmt":"2025-12-12T08:47:28","guid":{"rendered":"https:\/\/www.radiomais.ao\/?p=3373"},"modified":"2025-12-12T09:47:28","modified_gmt":"2025-12-12T08:47:28","slug":"crianca-de-tres-meses-nasceu-sem-olhos-ouvidos-e-anus-em-cabinda","status":"publish","type":"post","link":"https:\/\/www.radiomais.ao\/index.php\/2025\/12\/12\/crianca-de-tres-meses-nasceu-sem-olhos-ouvidos-e-anus-em-cabinda\/","title":{"rendered":"Crian\u00e7a de tr\u00eas meses nasceu sem olhos, ouvidos e \u00e2nus em Cabinda."},"content":{"rendered":"\n<p><strong>Siriana da Caridade, ou simplesmente S\u00edria, \u00e9 uma beb\u00e9 de tr\u00eas meses, que nasceu em Setembro \u00faltimo na maternidade 4 de Abril em Cabinda, com a combina\u00e7\u00e3o de m\u00faltiplas e graves anomalias cong\u00eanitas como aus\u00eancia de olhos, ouvidos e \u00e2nus. A rec\u00e9m-nascida comporta ainda uma deforma\u00e7\u00e3o labial (l\u00e1bio leporino com fenda palatina total), o que lhe dificulta se alimentar em condi\u00e7\u00f5es<\/strong>. Fonte <strong><em><a href=\"https:\/\/www.opais.ao\/ultimas_hora\/crianca-de-tres-meses-nasce-sem-olhos-ouvidos-e-anus-em-cabinda\/\">Opa\u00eds<\/a><\/em><\/strong><\/p>\n\n\n\n<p><\/p>\n","protected":false},"excerpt":{"rendered":"<p>Siriana da Caridade, ou simplesmente S\u00edria, \u00e9 uma beb\u00e9 de tr\u00eas meses, que nasceu em Setembro \u00faltimo na maternidade 4 de Abril em Cabinda, com a combina\u00e7\u00e3o de m\u00faltiplas e graves anomalias cong\u00eanitas como aus\u00eancia de olhos, ouvidos e \u00e2nus. A rec\u00e9m-nascida comporta ainda uma deforma\u00e7\u00e3o labial (l\u00e1bio leporino com fenda palatina total), o que [&hellip;]<\/p>\n","protected":false},"author":3,"featured_media":3374,"comment_status":"open","ping_status":"open","sticky":false,"template":"","format":"standard","meta":{"footnotes":""},"categories":[16],"tags":[822,1353],"class_list":["post-3373","post","type-post","status-publish","format-standard","has-post-thumbnail","hentry","category-actualidade","tag-crianca","tag-nasceu-sem-olhos"],"blocksy_meta":[],"_links":{"self":[{"href":"https:\/\/www.radiomais.ao\/index.php\/wp-json\/wp\/v2\/posts\/3373","targetHints":{"allow":["GET"]}}],"collection":[{"href":"https:\/\/www.radiomais.ao\/index.php\/wp-json\/wp\/v2\/posts"}],"about":[{"href":"https:\/\/www.radiomais.ao\/index.php\/wp-json\/wp\/v2\/types\/post"}],"author":[{"embeddable":true,"href":"https:\/\/www.radiomais.ao\/index.php\/wp-json\/wp\/v2\/users\/3"}],"replies":[{"embeddable":true,"href":"https:\/\/www.radiomais.ao\/index.php\/wp-json\/wp\/v2\/comments?post=3373"}],"version-history":[{"count":1,"href":"https:\/\/www.radiomais.ao\/index.php\/wp-json\/wp\/v2\/posts\/3373\/revisions"}],"predecessor-version":[{"id":3375,"href":"https:\/\/www.radiomais.ao\/index.php\/wp-json\/wp\/v2\/posts\/3373\/revisions\/3375"}],"wp:featuredmedia":[{"embeddable":true,"href":"https:\/\/www.radiomais.ao\/index.php\/wp-json\/wp\/v2\/media\/3374"}],"wp:attachment":[{"href":"https:\/\/www.radiomais.ao\/index.php\/wp-json\/wp\/v2\/media?parent=3373"}],"wp:term":[{"taxonomy":"category","embeddable":true,"href":"https:\/\/www.radiomais.ao\/index.php\/wp-json\/wp\/v2\/categories?post=3373"},{"taxonomy":"post_tag","embeddable":true,"href":"https:\/\/www.radiomais.ao\/index.php\/wp-json\/wp\/v2\/tags?post=3373"}],"curies":[{"name":"wp","href":"https:\/\/api.w.org\/{rel}","templated":true}]}}