{"id":3390,"date":"2025-12-12T14:01:36","date_gmt":"2025-12-12T13:01:36","guid":{"rendered":"https:\/\/www.radiomais.ao\/?p=3390"},"modified":"2025-12-12T14:01:36","modified_gmt":"2025-12-12T13:01:36","slug":"pr-visita-obras-da-basilica-da-muxima","status":"publish","type":"post","link":"https:\/\/www.radiomais.ao\/index.php\/2025\/12\/12\/pr-visita-obras-da-basilica-da-muxima\/","title":{"rendered":"PR visita obras da Bas\u00edlica da Muxima."},"content":{"rendered":"\n<p>O Presidente da Rep\u00fablica, Jo\u00e3o Louren\u00e7o, encontra-se nesse momento na prov\u00edncia de Icolo e Bengo, onde efectua uma visita de constata\u00e7\u00e3o \u00e0s futuras instala\u00e7\u00f5es da Vila da Muxima, no munic\u00edpio da Qui\u00e7ama.<br>\u200e<br>\u200eO Chefe de Estado recebeu, h\u00e1 pouco, do respons\u00e1vel do gabinete de Obras Especiais, explica\u00e7\u00f5es concernentes ao andamento das obras do Santu\u00e1rio da Muxima e de requalifica\u00e7\u00e3o da vila. Fonte<strong><em><a href=\"https:\/\/www.opais.ao\/politica\/pr-visita-obras-da-basilica-da-muxima\/\"> Opa\u00eds<\/a><\/em><\/strong><\/p>\n","protected":false},"excerpt":{"rendered":"<p>O Presidente da Rep\u00fablica, Jo\u00e3o Louren\u00e7o, encontra-se nesse momento na prov\u00edncia de Icolo e Bengo, onde efectua uma visita de constata\u00e7\u00e3o \u00e0s futuras instala\u00e7\u00f5es da Vila da Muxima, no munic\u00edpio da Qui\u00e7ama.\u200e\u200eO Chefe de Estado recebeu, h\u00e1 pouco, do respons\u00e1vel do gabinete de Obras Especiais, explica\u00e7\u00f5es concernentes ao andamento das obras do Santu\u00e1rio da Muxima [&hellip;]<\/p>\n","protected":false},"author":3,"featured_media":3391,"comment_status":"open","ping_status":"open","sticky":false,"template":"","format":"standard","meta":{"footnotes":""},"categories":[1],"tags":[1362,22],"class_list":["post-3390","post","type-post","status-publish","format-standard","has-post-thumbnail","hentry","category-uncategorized","tag-basilica-da-muxima","tag-destaque"],"blocksy_meta":[],"_links":{"self":[{"href":"https:\/\/www.radiomais.ao\/index.php\/wp-json\/wp\/v2\/posts\/3390","targetHints":{"allow":["GET"]}}],"collection":[{"href":"https:\/\/www.radiomais.ao\/index.php\/wp-json\/wp\/v2\/posts"}],"about":[{"href":"https:\/\/www.radiomais.ao\/index.php\/wp-json\/wp\/v2\/types\/post"}],"author":[{"embeddable":true,"href":"https:\/\/www.radiomais.ao\/index.php\/wp-json\/wp\/v2\/users\/3"}],"replies":[{"embeddable":true,"href":"https:\/\/www.radiomais.ao\/index.php\/wp-json\/wp\/v2\/comments?post=3390"}],"version-history":[{"count":1,"href":"https:\/\/www.radiomais.ao\/index.php\/wp-json\/wp\/v2\/posts\/3390\/revisions"}],"predecessor-version":[{"id":3392,"href":"https:\/\/www.radiomais.ao\/index.php\/wp-json\/wp\/v2\/posts\/3390\/revisions\/3392"}],"wp:featuredmedia":[{"embeddable":true,"href":"https:\/\/www.radiomais.ao\/index.php\/wp-json\/wp\/v2\/media\/3391"}],"wp:attachment":[{"href":"https:\/\/www.radiomais.ao\/index.php\/wp-json\/wp\/v2\/media?parent=3390"}],"wp:term":[{"taxonomy":"category","embeddable":true,"href":"https:\/\/www.radiomais.ao\/index.php\/wp-json\/wp\/v2\/categories?post=3390"},{"taxonomy":"post_tag","embeddable":true,"href":"https:\/\/www.radiomais.ao\/index.php\/wp-json\/wp\/v2\/tags?post=3390"}],"curies":[{"name":"wp","href":"https:\/\/api.w.org\/{rel}","templated":true}]}}