{"id":3403,"date":"2025-12-15T08:31:09","date_gmt":"2025-12-15T07:31:09","guid":{"rendered":"https:\/\/www.radiomais.ao\/?p=3403"},"modified":"2025-12-15T08:33:51","modified_gmt":"2025-12-15T07:33:51","slug":"ministro-garante-entrega-da-estrada-catete-muxima-em-fevereiro-proximo","status":"publish","type":"post","link":"https:\/\/www.radiomais.ao\/index.php\/2025\/12\/15\/ministro-garante-entrega-da-estrada-catete-muxima-em-fevereiro-proximo\/","title":{"rendered":"Ministro garante entrega da estrada Catete\u2013Muxima em Fevereiro pr\u00f3ximo."},"content":{"rendered":"\n<p><strong>As obras de reabilita\u00e7\u00e3o e amplia\u00e7\u00e3o da estrada que liga Catete \u00e0 Vila da Muxima decorrem a bom ritmo, estando prevista a conclus\u00e3o e sinaliza\u00e7\u00e3o do primeiro tro\u00e7o, de 27 quil\u00f3metros, at\u00e9 ao m\u00eas de Fevereiro pr\u00f3ximo. A garantia foi dada pelo ministro das Obras P\u00fablicas, Urbanismo e Habita\u00e7\u00e3o, Carlos Alberto dos Santos, na \u00faltima sexta-feira, 12<\/strong>. Fonte <strong><em><a href=\"https:\/\/www.opais.ao\/sociedade\/ministro-garante-entrega-da-estrada-catete-muxima-em-fevereiro-proximo\/\">Opa\u00eds<\/a><\/em><\/strong><\/p>\n","protected":false},"excerpt":{"rendered":"<p>As obras de reabilita\u00e7\u00e3o e amplia\u00e7\u00e3o da estrada que liga Catete \u00e0 Vila da Muxima decorrem a bom ritmo, estando prevista a conclus\u00e3o e sinaliza\u00e7\u00e3o do primeiro tro\u00e7o, de 27 quil\u00f3metros, at\u00e9 ao m\u00eas de Fevereiro pr\u00f3ximo. A garantia foi dada pelo ministro das Obras P\u00fablicas, Urbanismo e Habita\u00e7\u00e3o, Carlos Alberto dos Santos, na \u00faltima [&hellip;]<\/p>\n","protected":false},"author":3,"featured_media":3404,"comment_status":"open","ping_status":"open","sticky":false,"template":"","format":"standard","meta":{"footnotes":""},"categories":[],"tags":[1369,22,1368],"class_list":["post-3403","post","type-post","status-publish","format-standard","has-post-thumbnail","hentry","tag-catete-muxima","tag-destaque","tag-ministro-garante"],"blocksy_meta":[],"_links":{"self":[{"href":"https:\/\/www.radiomais.ao\/index.php\/wp-json\/wp\/v2\/posts\/3403","targetHints":{"allow":["GET"]}}],"collection":[{"href":"https:\/\/www.radiomais.ao\/index.php\/wp-json\/wp\/v2\/posts"}],"about":[{"href":"https:\/\/www.radiomais.ao\/index.php\/wp-json\/wp\/v2\/types\/post"}],"author":[{"embeddable":true,"href":"https:\/\/www.radiomais.ao\/index.php\/wp-json\/wp\/v2\/users\/3"}],"replies":[{"embeddable":true,"href":"https:\/\/www.radiomais.ao\/index.php\/wp-json\/wp\/v2\/comments?post=3403"}],"version-history":[{"count":1,"href":"https:\/\/www.radiomais.ao\/index.php\/wp-json\/wp\/v2\/posts\/3403\/revisions"}],"predecessor-version":[{"id":3405,"href":"https:\/\/www.radiomais.ao\/index.php\/wp-json\/wp\/v2\/posts\/3403\/revisions\/3405"}],"wp:featuredmedia":[{"embeddable":true,"href":"https:\/\/www.radiomais.ao\/index.php\/wp-json\/wp\/v2\/media\/3404"}],"wp:attachment":[{"href":"https:\/\/www.radiomais.ao\/index.php\/wp-json\/wp\/v2\/media?parent=3403"}],"wp:term":[{"taxonomy":"category","embeddable":true,"href":"https:\/\/www.radiomais.ao\/index.php\/wp-json\/wp\/v2\/categories?post=3403"},{"taxonomy":"post_tag","embeddable":true,"href":"https:\/\/www.radiomais.ao\/index.php\/wp-json\/wp\/v2\/tags?post=3403"}],"curies":[{"name":"wp","href":"https:\/\/api.w.org\/{rel}","templated":true}]}}