{"id":3410,"date":"2025-12-15T08:47:48","date_gmt":"2025-12-15T07:47:48","guid":{"rendered":"https:\/\/www.radiomais.ao\/?p=3410"},"modified":"2025-12-15T08:47:48","modified_gmt":"2025-12-15T07:47:48","slug":"oge-para-o-exercicio-economico-de-2026-vai-a-aprovacao-final-global-hoje","status":"publish","type":"post","link":"https:\/\/www.radiomais.ao\/index.php\/2025\/12\/15\/oge-para-o-exercicio-economico-de-2026-vai-a-aprovacao-final-global-hoje\/","title":{"rendered":"OGE para o exerc\u00edcio econ\u00f3mico de 2026 vai \u00e0 aprova\u00e7\u00e3o final global hoje ."},"content":{"rendered":"\n<p>A Assembleia Nacional realiza, hoje, a 4.\u00aa e a 5.\u00aa Reuni\u00f5es Plen\u00e1rias Ordin\u00e1rias da 4.\u00aa Sess\u00e3o Legislativa da V Legislatura. A 4.\u00aa Reuni\u00e3o Plen\u00e1ria ter\u00e1 como ponto \u00fanico a vota\u00e7\u00e3o final global da Proposta de Lei que aprova o Or\u00e7amento Geral do Estado para o exerc\u00edcio econ\u00f3- mico de 2026. Fonte <strong><em><a href=\"https:\/\/www.opais.ao\/politica\/oge-para-o-exercicio-economico-de-2026-vai-a-aprovacao-final-global-hoje-na-an\/\">O pa\u00eds<\/a><\/em><\/strong><\/p>\n","protected":false},"excerpt":{"rendered":"<p>A Assembleia Nacional realiza, hoje, a 4.\u00aa e a 5.\u00aa Reuni\u00f5es Plen\u00e1rias Ordin\u00e1rias da 4.\u00aa Sess\u00e3o Legislativa da V Legislatura. A 4.\u00aa Reuni\u00e3o Plen\u00e1ria ter\u00e1 como ponto \u00fanico a vota\u00e7\u00e3o final global da Proposta de Lei que aprova o Or\u00e7amento Geral do Estado para o exerc\u00edcio econ\u00f3- mico de 2026. Fonte O pa\u00eds<\/p>\n","protected":false},"author":3,"featured_media":3411,"comment_status":"open","ping_status":"open","sticky":false,"template":"","format":"standard","meta":{"footnotes":""},"categories":[16],"tags":[1372,1371,678],"class_list":["post-3410","post","type-post","status-publish","format-standard","has-post-thumbnail","hentry","category-actualidade","tag-aprovacao-final","tag-exercicio-economico","tag-oge"],"blocksy_meta":[],"_links":{"self":[{"href":"https:\/\/www.radiomais.ao\/index.php\/wp-json\/wp\/v2\/posts\/3410","targetHints":{"allow":["GET"]}}],"collection":[{"href":"https:\/\/www.radiomais.ao\/index.php\/wp-json\/wp\/v2\/posts"}],"about":[{"href":"https:\/\/www.radiomais.ao\/index.php\/wp-json\/wp\/v2\/types\/post"}],"author":[{"embeddable":true,"href":"https:\/\/www.radiomais.ao\/index.php\/wp-json\/wp\/v2\/users\/3"}],"replies":[{"embeddable":true,"href":"https:\/\/www.radiomais.ao\/index.php\/wp-json\/wp\/v2\/comments?post=3410"}],"version-history":[{"count":1,"href":"https:\/\/www.radiomais.ao\/index.php\/wp-json\/wp\/v2\/posts\/3410\/revisions"}],"predecessor-version":[{"id":3412,"href":"https:\/\/www.radiomais.ao\/index.php\/wp-json\/wp\/v2\/posts\/3410\/revisions\/3412"}],"wp:featuredmedia":[{"embeddable":true,"href":"https:\/\/www.radiomais.ao\/index.php\/wp-json\/wp\/v2\/media\/3411"}],"wp:attachment":[{"href":"https:\/\/www.radiomais.ao\/index.php\/wp-json\/wp\/v2\/media?parent=3410"}],"wp:term":[{"taxonomy":"category","embeddable":true,"href":"https:\/\/www.radiomais.ao\/index.php\/wp-json\/wp\/v2\/categories?post=3410"},{"taxonomy":"post_tag","embeddable":true,"href":"https:\/\/www.radiomais.ao\/index.php\/wp-json\/wp\/v2\/tags?post=3410"}],"curies":[{"name":"wp","href":"https:\/\/api.w.org\/{rel}","templated":true}]}}