{"id":3413,"date":"2025-12-15T08:54:13","date_gmt":"2025-12-15T07:54:13","guid":{"rendered":"https:\/\/www.radiomais.ao\/?p=3413"},"modified":"2025-12-15T08:54:13","modified_gmt":"2025-12-15T07:54:13","slug":"mpla-converge-no-apelo-a-unidade-serenidade-e-foco-na-producao-nacional","status":"publish","type":"post","link":"https:\/\/www.radiomais.ao\/index.php\/2025\/12\/15\/mpla-converge-no-apelo-a-unidade-serenidade-e-foco-na-producao-nacional\/","title":{"rendered":"MPLA converge no apelo \u00e0 unidade, serenidade e foco na produ\u00e7\u00e3o nacional."},"content":{"rendered":"\n<p><strong>Os militantes do MPLA, de forma transversal, destacam nas suas interven\u00e7\u00f5es a necessidade de se refor\u00e7ar a unidade nacional, preservar a disciplina interna do partido e acelerar o aumento da produ\u00e7\u00e3o nacional, sobretudo agr\u00edcola, como resposta aos desafios econ\u00f3micos e sociais do pa\u00eds<\/strong>. Ler mais em<strong><em><a href=\"https:\/\/www.opais.ao\/politica\/mpla-converge-no-apelo-a-unidade-serenidade-e-foco-na-producao-nacional\/\"> Opa\u00eds<\/a><\/em><\/strong><\/p>\n","protected":false},"excerpt":{"rendered":"<p>Os militantes do MPLA, de forma transversal, destacam nas suas interven\u00e7\u00f5es a necessidade de se refor\u00e7ar a unidade nacional, preservar a disciplina interna do partido e acelerar o aumento da produ\u00e7\u00e3o nacional, sobretudo agr\u00edcola, como resposta aos desafios econ\u00f3micos e sociais do pa\u00eds. Ler mais em Opa\u00eds<\/p>\n","protected":false},"author":3,"featured_media":3414,"comment_status":"open","ping_status":"open","sticky":false,"template":"","format":"standard","meta":{"footnotes":""},"categories":[16],"tags":[1373,1376,157,1375,1374],"class_list":["post-3413","post","type-post","status-publish","format-standard","has-post-thumbnail","hentry","category-actualidade","tag-converge","tag-foco","tag-mpla","tag-serenidade","tag-unidade"],"blocksy_meta":[],"_links":{"self":[{"href":"https:\/\/www.radiomais.ao\/index.php\/wp-json\/wp\/v2\/posts\/3413","targetHints":{"allow":["GET"]}}],"collection":[{"href":"https:\/\/www.radiomais.ao\/index.php\/wp-json\/wp\/v2\/posts"}],"about":[{"href":"https:\/\/www.radiomais.ao\/index.php\/wp-json\/wp\/v2\/types\/post"}],"author":[{"embeddable":true,"href":"https:\/\/www.radiomais.ao\/index.php\/wp-json\/wp\/v2\/users\/3"}],"replies":[{"embeddable":true,"href":"https:\/\/www.radiomais.ao\/index.php\/wp-json\/wp\/v2\/comments?post=3413"}],"version-history":[{"count":1,"href":"https:\/\/www.radiomais.ao\/index.php\/wp-json\/wp\/v2\/posts\/3413\/revisions"}],"predecessor-version":[{"id":3415,"href":"https:\/\/www.radiomais.ao\/index.php\/wp-json\/wp\/v2\/posts\/3413\/revisions\/3415"}],"wp:featuredmedia":[{"embeddable":true,"href":"https:\/\/www.radiomais.ao\/index.php\/wp-json\/wp\/v2\/media\/3414"}],"wp:attachment":[{"href":"https:\/\/www.radiomais.ao\/index.php\/wp-json\/wp\/v2\/media?parent=3413"}],"wp:term":[{"taxonomy":"category","embeddable":true,"href":"https:\/\/www.radiomais.ao\/index.php\/wp-json\/wp\/v2\/categories?post=3413"},{"taxonomy":"post_tag","embeddable":true,"href":"https:\/\/www.radiomais.ao\/index.php\/wp-json\/wp\/v2\/tags?post=3413"}],"curies":[{"name":"wp","href":"https:\/\/api.w.org\/{rel}","templated":true}]}}