{"id":3416,"date":"2025-12-15T08:58:22","date_gmt":"2025-12-15T07:58:22","guid":{"rendered":"https:\/\/www.radiomais.ao\/?p=3416"},"modified":"2025-12-15T08:58:22","modified_gmt":"2025-12-15T07:58:22","slug":"bengo-ganha-fabrica-de-silicio-de-manganes-e-ultrapassa-as-20-unidades-fabris","status":"publish","type":"post","link":"https:\/\/www.radiomais.ao\/index.php\/2025\/12\/15\/bengo-ganha-fabrica-de-silicio-de-manganes-e-ultrapassa-as-20-unidades-fabris\/","title":{"rendered":"Bengo ganha f\u00e1brica de sil\u00edcio de mangan\u00eas e ultrapassa as 20 unidades fabris."},"content":{"rendered":"\n<p><strong>A nova f\u00e1brica junta-se \u00e0s demais que est\u00e3o a industrializar a prov\u00edncia do Bengo. Localizada no munic\u00edpio do Panguila, a f\u00e1brica Xintai Heshengo \u00e9 um investimento privado chin\u00eas, or\u00e7ado em 30 milh\u00f5es de d\u00f3lares, inaugurado pela governadora provincial do Bengo, Maria Nelumba<\/strong>.<\/p>\n\n\n\n<p>O projecto, actualmente na sua segunda fase e a operar com dois grandes fornos de cuba, produz cerca de 30 mil toneladas por ano. Est\u00e1 implementado numa \u00e1rea de 20 hectares, cujas bases foram lan\u00e7adas em2021.<\/p>\n\n\n\n<p>A unidade tem capacidade para criar 400 postos de trabalho, mas actualmente conta com aproximadamente 260 trabalhadores nacionais, maioritariamente jovens. Com a expans\u00e3o prevista para o pr\u00f3ximo ano, a for\u00e7a de trabalho poder\u00e1 atingir 600 funcion\u00e1rios, quando a unidade ganhar mais dois grandes fornos de cuba.<\/p>\n","protected":false},"excerpt":{"rendered":"<p>A nova f\u00e1brica junta-se \u00e0s demais que est\u00e3o a industrializar a prov\u00edncia do Bengo. Localizada no munic\u00edpio do Panguila, a f\u00e1brica Xintai Heshengo \u00e9 um investimento privado chin\u00eas, or\u00e7ado em 30 milh\u00f5es de d\u00f3lares, inaugurado pela governadora provincial do Bengo, Maria Nelumba. O projecto, actualmente na sua segunda fase e a operar com dois grandes [&hellip;]<\/p>\n","protected":false},"author":3,"featured_media":3417,"comment_status":"open","ping_status":"open","sticky":false,"template":"","format":"standard","meta":{"footnotes":""},"categories":[16],"tags":[1341,1378],"class_list":["post-3416","post","type-post","status-publish","format-standard","has-post-thumbnail","hentry","category-actualidade","tag-fabrica-2","tag-silicio-de-manganes"],"blocksy_meta":[],"_links":{"self":[{"href":"https:\/\/www.radiomais.ao\/index.php\/wp-json\/wp\/v2\/posts\/3416","targetHints":{"allow":["GET"]}}],"collection":[{"href":"https:\/\/www.radiomais.ao\/index.php\/wp-json\/wp\/v2\/posts"}],"about":[{"href":"https:\/\/www.radiomais.ao\/index.php\/wp-json\/wp\/v2\/types\/post"}],"author":[{"embeddable":true,"href":"https:\/\/www.radiomais.ao\/index.php\/wp-json\/wp\/v2\/users\/3"}],"replies":[{"embeddable":true,"href":"https:\/\/www.radiomais.ao\/index.php\/wp-json\/wp\/v2\/comments?post=3416"}],"version-history":[{"count":1,"href":"https:\/\/www.radiomais.ao\/index.php\/wp-json\/wp\/v2\/posts\/3416\/revisions"}],"predecessor-version":[{"id":3418,"href":"https:\/\/www.radiomais.ao\/index.php\/wp-json\/wp\/v2\/posts\/3416\/revisions\/3418"}],"wp:featuredmedia":[{"embeddable":true,"href":"https:\/\/www.radiomais.ao\/index.php\/wp-json\/wp\/v2\/media\/3417"}],"wp:attachment":[{"href":"https:\/\/www.radiomais.ao\/index.php\/wp-json\/wp\/v2\/media?parent=3416"}],"wp:term":[{"taxonomy":"category","embeddable":true,"href":"https:\/\/www.radiomais.ao\/index.php\/wp-json\/wp\/v2\/categories?post=3416"},{"taxonomy":"post_tag","embeddable":true,"href":"https:\/\/www.radiomais.ao\/index.php\/wp-json\/wp\/v2\/tags?post=3416"}],"curies":[{"name":"wp","href":"https:\/\/api.w.org\/{rel}","templated":true}]}}