{"id":3419,"date":"2025-12-15T09:02:50","date_gmt":"2025-12-15T08:02:50","guid":{"rendered":"https:\/\/www.radiomais.ao\/?p=3419"},"modified":"2025-12-15T09:02:50","modified_gmt":"2025-12-15T08:02:50","slug":"mulheres-continuam-expostas-a-multiplas-formas-de-discriminacao-no-mercado-de-trabalho-segundo-primeira-dama","status":"publish","type":"post","link":"https:\/\/www.radiomais.ao\/index.php\/2025\/12\/15\/mulheres-continuam-expostas-a-multiplas-formas-de-discriminacao-no-mercado-de-trabalho-segundo-primeira-dama\/","title":{"rendered":"Mulheres continuam expostas a m\u00faltiplas formas de discrimina\u00e7\u00e3o no mercado de trabalho, segundo Primeira-Dama."},"content":{"rendered":"\n<p>A Primeira-Dama da Rep\u00fablica de Angola, Ana Dias Louren\u00e7o, lamentou o facto de no mercado de trabalho as mulheres continuarem expostas a m\u00faltiplas formas de discrimina\u00e7\u00e3o, destacando os baixos sal\u00e1rios, menor representa\u00e7\u00e3o em cargos de lideran\u00e7a e a desigualdade de progress\u00e3o na carreira. Fonte<strong><em><a href=\"https:\/\/www.opais.ao\/economia\/mulheres-continuam-expostas-a-multiplas-formas-de-discriminacao-no-mercado-de-trabalho-segundo-primeira-dama\/\"> Opa\u00eds<\/a><\/em><\/strong><\/p>\n","protected":false},"excerpt":{"rendered":"<p>A Primeira-Dama da Rep\u00fablica de Angola, Ana Dias Louren\u00e7o, lamentou o facto de no mercado de trabalho as mulheres continuarem expostas a m\u00faltiplas formas de discrimina\u00e7\u00e3o, destacando os baixos sal\u00e1rios, menor representa\u00e7\u00e3o em cargos de lideran\u00e7a e a desigualdade de progress\u00e3o na carreira. Fonte Opa\u00eds<\/p>\n","protected":false},"author":3,"featured_media":3420,"comment_status":"open","ping_status":"open","sticky":false,"template":"","format":"standard","meta":{"footnotes":""},"categories":[16],"tags":[1380,1379,229],"class_list":["post-3419","post","type-post","status-publish","format-standard","has-post-thumbnail","hentry","category-actualidade","tag-descriminacao","tag-mercado-de-trabalho","tag-mulheres"],"blocksy_meta":[],"_links":{"self":[{"href":"https:\/\/www.radiomais.ao\/index.php\/wp-json\/wp\/v2\/posts\/3419","targetHints":{"allow":["GET"]}}],"collection":[{"href":"https:\/\/www.radiomais.ao\/index.php\/wp-json\/wp\/v2\/posts"}],"about":[{"href":"https:\/\/www.radiomais.ao\/index.php\/wp-json\/wp\/v2\/types\/post"}],"author":[{"embeddable":true,"href":"https:\/\/www.radiomais.ao\/index.php\/wp-json\/wp\/v2\/users\/3"}],"replies":[{"embeddable":true,"href":"https:\/\/www.radiomais.ao\/index.php\/wp-json\/wp\/v2\/comments?post=3419"}],"version-history":[{"count":1,"href":"https:\/\/www.radiomais.ao\/index.php\/wp-json\/wp\/v2\/posts\/3419\/revisions"}],"predecessor-version":[{"id":3421,"href":"https:\/\/www.radiomais.ao\/index.php\/wp-json\/wp\/v2\/posts\/3419\/revisions\/3421"}],"wp:featuredmedia":[{"embeddable":true,"href":"https:\/\/www.radiomais.ao\/index.php\/wp-json\/wp\/v2\/media\/3420"}],"wp:attachment":[{"href":"https:\/\/www.radiomais.ao\/index.php\/wp-json\/wp\/v2\/media?parent=3419"}],"wp:term":[{"taxonomy":"category","embeddable":true,"href":"https:\/\/www.radiomais.ao\/index.php\/wp-json\/wp\/v2\/categories?post=3419"},{"taxonomy":"post_tag","embeddable":true,"href":"https:\/\/www.radiomais.ao\/index.php\/wp-json\/wp\/v2\/tags?post=3419"}],"curies":[{"name":"wp","href":"https:\/\/api.w.org\/{rel}","templated":true}]}}