{"id":3422,"date":"2025-12-15T09:05:56","date_gmt":"2025-12-15T08:05:56","guid":{"rendered":"https:\/\/www.radiomais.ao\/?p=3422"},"modified":"2025-12-15T09:05:56","modified_gmt":"2025-12-15T08:05:56","slug":"inauguracao-do-cabo-submarino-2africa-e-uma-conquista-de-angola","status":"publish","type":"post","link":"https:\/\/www.radiomais.ao\/index.php\/2025\/12\/15\/inauguracao-do-cabo-submarino-2africa-e-uma-conquista-de-angola\/","title":{"rendered":"\u201cInaugura\u00e7\u00e3o do cabo submarino 2\u00c1frica \u00e9 uma conquista de Angola."},"content":{"rendered":"\n<p>O ministro das Telecomunica\u00e7\u00f5es, Tecnologias e Comunica\u00e7\u00e3o Social, M\u00e1rio Oliveira, considerou o lan\u00e7amento do cabo submarino 2\u00c1frica, da Unitel, uma conquista de Angola. Segundo o respons\u00e1vel, o lan\u00e7amento do cabo submarino, que aconteceu s\u00e1bado, dia 13, surge com grandes desafios, que passam necessariamente pelo crescimento da malha em terra, que vai propiciar que os servi\u00e7os cheguem junto dos cidad\u00e3os com qualidade e contribuam para o desenvolvimento. Fonte <strong><em><a href=\"https:\/\/www.opais.ao\/economia\/inauguracao-do-cabo-submarino-2africa-e-uma-conquista-de-angola\/\">Opa\u00eds<\/a><\/em><\/strong><\/p>\n","protected":false},"excerpt":{"rendered":"<p>O ministro das Telecomunica\u00e7\u00f5es, Tecnologias e Comunica\u00e7\u00e3o Social, M\u00e1rio Oliveira, considerou o lan\u00e7amento do cabo submarino 2\u00c1frica, da Unitel, uma conquista de Angola. Segundo o respons\u00e1vel, o lan\u00e7amento do cabo submarino, que aconteceu s\u00e1bado, dia 13, surge com grandes desafios, que passam necessariamente pelo crescimento da malha em terra, que vai propiciar que os servi\u00e7os [&hellip;]<\/p>\n","protected":false},"author":3,"featured_media":3423,"comment_status":"open","ping_status":"open","sticky":false,"template":"","format":"standard","meta":{"footnotes":""},"categories":[16],"tags":[75,1381,1382],"class_list":["post-3422","post","type-post","status-publish","format-standard","has-post-thumbnail","hentry","category-actualidade","tag-angola","tag-cabo-submarino-2africa","tag-conquista"],"blocksy_meta":[],"_links":{"self":[{"href":"https:\/\/www.radiomais.ao\/index.php\/wp-json\/wp\/v2\/posts\/3422","targetHints":{"allow":["GET"]}}],"collection":[{"href":"https:\/\/www.radiomais.ao\/index.php\/wp-json\/wp\/v2\/posts"}],"about":[{"href":"https:\/\/www.radiomais.ao\/index.php\/wp-json\/wp\/v2\/types\/post"}],"author":[{"embeddable":true,"href":"https:\/\/www.radiomais.ao\/index.php\/wp-json\/wp\/v2\/users\/3"}],"replies":[{"embeddable":true,"href":"https:\/\/www.radiomais.ao\/index.php\/wp-json\/wp\/v2\/comments?post=3422"}],"version-history":[{"count":1,"href":"https:\/\/www.radiomais.ao\/index.php\/wp-json\/wp\/v2\/posts\/3422\/revisions"}],"predecessor-version":[{"id":3424,"href":"https:\/\/www.radiomais.ao\/index.php\/wp-json\/wp\/v2\/posts\/3422\/revisions\/3424"}],"wp:featuredmedia":[{"embeddable":true,"href":"https:\/\/www.radiomais.ao\/index.php\/wp-json\/wp\/v2\/media\/3423"}],"wp:attachment":[{"href":"https:\/\/www.radiomais.ao\/index.php\/wp-json\/wp\/v2\/media?parent=3422"}],"wp:term":[{"taxonomy":"category","embeddable":true,"href":"https:\/\/www.radiomais.ao\/index.php\/wp-json\/wp\/v2\/categories?post=3422"},{"taxonomy":"post_tag","embeddable":true,"href":"https:\/\/www.radiomais.ao\/index.php\/wp-json\/wp\/v2\/tags?post=3422"}],"curies":[{"name":"wp","href":"https:\/\/api.w.org\/{rel}","templated":true}]}}