{"id":3425,"date":"2025-12-15T09:09:11","date_gmt":"2025-12-15T08:09:11","guid":{"rendered":"https:\/\/www.radiomais.ao\/?p=3425"},"modified":"2025-12-15T09:09:11","modified_gmt":"2025-12-15T08:09:11","slug":"joao-lourenco-reune-se-com-felix-tshisekedi","status":"publish","type":"post","link":"https:\/\/www.radiomais.ao\/index.php\/2025\/12\/15\/joao-lourenco-reune-se-com-felix-tshisekedi\/","title":{"rendered":"Jo\u00e3o Louren\u00e7o re\u00fane-se com F\u00e9lix Tshisekedi."},"content":{"rendered":"\n<p>\u200eO Presidente da Rep\u00fablica e da Uni\u00e3o Africana (UA), Jo\u00e3o Manuel Gon\u00e7alves Louren\u00e7o, reuniu-se, este domingo, no Pal\u00e1cio Presidencial, na Cidade Alta, em Luanda, com o l\u00edder congol\u00eas, F\u00e9lix Tshisekedi, numa conversa cujo enfoco recai sobre o agravamento das tens\u00f5es no Leste da Rep\u00fablica Democr\u00e1tica do Congo.<br>\u200e<br>\u200eO encontro entre o Presidente da UA e o Estadista congol\u00eas acontece cerca de dois dias depois de o Presidente Jo\u00e3o Louren\u00e7o ter recebido, no Pal\u00e1cio Presidencial, o ministro da Integra\u00e7\u00e3o Regional da Rep\u00fablica Democr\u00e1tica do Congo, Floribert Isiloketshi, enviado especial de Tshisekedi, que informou sobre as novas investidas militares no Leste daquele pa\u00eds atribu\u00eddas \u00e0s for\u00e7as do Rwanda, por interm\u00e9dio do grupo rebelde M23.<br>\u200e<br>\u200eA par do agravamento da situa\u00e7\u00e3o humanit\u00e1ria na regi\u00e3o, segundo o enviado, em declara\u00e7\u00f5es \u00e0 imprensa, as tropas ruandesas conquistaram novas localidades e chegaram at\u00e9 Uvira, fronteira com o Burundi, acrescentando que tal facto compromete o acordo de paz assinado a 04 de Dezembro, em Washington, nos Estados Unidos da Am\u00e9rica, mediado pelo Presidente Donald Trump, do qual Jo\u00e3o Louren\u00e7o foi testemunha, na qualidade de Presidente em exerc\u00edcio do maior bloco pol\u00edtico africano.<\/p>\n","protected":false},"excerpt":{"rendered":"<p>\u200eO Presidente da Rep\u00fablica e da Uni\u00e3o Africana (UA), Jo\u00e3o Manuel Gon\u00e7alves Louren\u00e7o, reuniu-se, este domingo, no Pal\u00e1cio Presidencial, na Cidade Alta, em Luanda, com o l\u00edder congol\u00eas, F\u00e9lix Tshisekedi, numa conversa cujo enfoco recai sobre o agravamento das tens\u00f5es no Leste da Rep\u00fablica Democr\u00e1tica do Congo.\u200e\u200eO encontro entre o Presidente da UA e o [&hellip;]<\/p>\n","protected":false},"author":3,"featured_media":3426,"comment_status":"open","ping_status":"open","sticky":false,"template":"","format":"standard","meta":{"footnotes":""},"categories":[16],"tags":[1383,97,1384],"class_list":["post-3425","post","type-post","status-publish","format-standard","has-post-thumbnail","hentry","category-actualidade","tag-felix-tshisekede","tag-joao-lourenco","tag-reuniao"],"blocksy_meta":[],"_links":{"self":[{"href":"https:\/\/www.radiomais.ao\/index.php\/wp-json\/wp\/v2\/posts\/3425","targetHints":{"allow":["GET"]}}],"collection":[{"href":"https:\/\/www.radiomais.ao\/index.php\/wp-json\/wp\/v2\/posts"}],"about":[{"href":"https:\/\/www.radiomais.ao\/index.php\/wp-json\/wp\/v2\/types\/post"}],"author":[{"embeddable":true,"href":"https:\/\/www.radiomais.ao\/index.php\/wp-json\/wp\/v2\/users\/3"}],"replies":[{"embeddable":true,"href":"https:\/\/www.radiomais.ao\/index.php\/wp-json\/wp\/v2\/comments?post=3425"}],"version-history":[{"count":1,"href":"https:\/\/www.radiomais.ao\/index.php\/wp-json\/wp\/v2\/posts\/3425\/revisions"}],"predecessor-version":[{"id":3427,"href":"https:\/\/www.radiomais.ao\/index.php\/wp-json\/wp\/v2\/posts\/3425\/revisions\/3427"}],"wp:featuredmedia":[{"embeddable":true,"href":"https:\/\/www.radiomais.ao\/index.php\/wp-json\/wp\/v2\/media\/3426"}],"wp:attachment":[{"href":"https:\/\/www.radiomais.ao\/index.php\/wp-json\/wp\/v2\/media?parent=3425"}],"wp:term":[{"taxonomy":"category","embeddable":true,"href":"https:\/\/www.radiomais.ao\/index.php\/wp-json\/wp\/v2\/categories?post=3425"},{"taxonomy":"post_tag","embeddable":true,"href":"https:\/\/www.radiomais.ao\/index.php\/wp-json\/wp\/v2\/tags?post=3425"}],"curies":[{"name":"wp","href":"https:\/\/api.w.org\/{rel}","templated":true}]}}