{"id":3431,"date":"2025-12-15T09:15:45","date_gmt":"2025-12-15T08:15:45","guid":{"rendered":"https:\/\/www.radiomais.ao\/?p=3431"},"modified":"2025-12-15T09:15:45","modified_gmt":"2025-12-15T08:15:45","slug":"medica-intensivista-alerta-para-sindrome-pos-cuidados-intensivos-em-angola","status":"publish","type":"post","link":"https:\/\/www.radiomais.ao\/index.php\/2025\/12\/15\/medica-intensivista-alerta-para-sindrome-pos-cuidados-intensivos-em-angola\/","title":{"rendered":"M\u00e9dica intensivista alerta para s\u00edndrome p\u00f3s-cuidados intensivos em Angola."},"content":{"rendered":"\n<p><strong>O refor\u00e7o estrutural do Sistema Nacional de Sa\u00fade e os desafios cl\u00ednicos e sociais enfrentados por doentes durante e ap\u00f3s a alta das Unidades de Cuidados Intensivos (UCI) estiveram no centro dos debates do II Simp\u00f3sio Internacional da Sociedade Angolana de Cuidados Intensivos (SACI), realizado recentemente em Luanda, com a participa\u00e7\u00e3o de centenas de profissionais de sa\u00fade nacionais e estrangeiros<\/strong>.<\/p>\n\n\n\n<p>Um dos momentos de maior destaque do encontro foi a interven\u00e7\u00e3o da m\u00e9dica intensivista portuguesa Teresa Cardoso, que chamou a aten\u00e7\u00e3o para um problema ainda pouco debatido no pa\u00eds: a s\u00edndrome p\u00f3s-cuidados intensivos, uma condi\u00e7\u00e3o que afecta uma propor\u00e7\u00e3o significativa de doentes que sobrevivem ao internamento em UCI.<\/p>\n\n\n\n<p>Segundo a especialista, mais de 50% dos doentes submetidos a ventila\u00e7\u00e3o mec\u00e2nica e coma induzido desenvolvem a s\u00edndrome ap\u00f3s a alta, enquanto que, mesmo entre pacientes que n\u00e3o necessitam de terap\u00eauticas t\u00e3o invasivas, mais de um em cada tr\u00eas apresenta sequelas persistentes.<\/p>\n","protected":false},"excerpt":{"rendered":"<p>O refor\u00e7o estrutural do Sistema Nacional de Sa\u00fade e os desafios cl\u00ednicos e sociais enfrentados por doentes durante e ap\u00f3s a alta das Unidades de Cuidados Intensivos (UCI) estiveram no centro dos debates do II Simp\u00f3sio Internacional da Sociedade Angolana de Cuidados Intensivos (SACI), realizado recentemente em Luanda, com a participa\u00e7\u00e3o de centenas de profissionais [&hellip;]<\/p>\n","protected":false},"author":3,"featured_media":3432,"comment_status":"open","ping_status":"open","sticky":false,"template":"","format":"standard","meta":{"footnotes":""},"categories":[16],"tags":[1176,1388,1387],"class_list":["post-3431","post","type-post","status-publish","format-standard","has-post-thumbnail","hentry","category-actualidade","tag-alerta","tag-medica-intensivista","tag-sindrome-pos-cuidados-intensivos"],"blocksy_meta":[],"_links":{"self":[{"href":"https:\/\/www.radiomais.ao\/index.php\/wp-json\/wp\/v2\/posts\/3431","targetHints":{"allow":["GET"]}}],"collection":[{"href":"https:\/\/www.radiomais.ao\/index.php\/wp-json\/wp\/v2\/posts"}],"about":[{"href":"https:\/\/www.radiomais.ao\/index.php\/wp-json\/wp\/v2\/types\/post"}],"author":[{"embeddable":true,"href":"https:\/\/www.radiomais.ao\/index.php\/wp-json\/wp\/v2\/users\/3"}],"replies":[{"embeddable":true,"href":"https:\/\/www.radiomais.ao\/index.php\/wp-json\/wp\/v2\/comments?post=3431"}],"version-history":[{"count":1,"href":"https:\/\/www.radiomais.ao\/index.php\/wp-json\/wp\/v2\/posts\/3431\/revisions"}],"predecessor-version":[{"id":3433,"href":"https:\/\/www.radiomais.ao\/index.php\/wp-json\/wp\/v2\/posts\/3431\/revisions\/3433"}],"wp:featuredmedia":[{"embeddable":true,"href":"https:\/\/www.radiomais.ao\/index.php\/wp-json\/wp\/v2\/media\/3432"}],"wp:attachment":[{"href":"https:\/\/www.radiomais.ao\/index.php\/wp-json\/wp\/v2\/media?parent=3431"}],"wp:term":[{"taxonomy":"category","embeddable":true,"href":"https:\/\/www.radiomais.ao\/index.php\/wp-json\/wp\/v2\/categories?post=3431"},{"taxonomy":"post_tag","embeddable":true,"href":"https:\/\/www.radiomais.ao\/index.php\/wp-json\/wp\/v2\/tags?post=3431"}],"curies":[{"name":"wp","href":"https:\/\/api.w.org\/{rel}","templated":true}]}}