{"id":3434,"date":"2025-12-15T09:19:23","date_gmt":"2025-12-15T08:19:23","guid":{"rendered":"https:\/\/www.radiomais.ao\/?p=3434"},"modified":"2025-12-15T09:19:23","modified_gmt":"2025-12-15T08:19:23","slug":"roda-de-saude-defende-reducao-de-pagamentos-directos-a-cuidados-de-saude","status":"publish","type":"post","link":"https:\/\/www.radiomais.ao\/index.php\/2025\/12\/15\/roda-de-saude-defende-reducao-de-pagamentos-directos-a-cuidados-de-saude\/","title":{"rendered":"Roda de Sa\u00fade defende redu\u00e7\u00e3o de pagamentos directos a cuidados de sa\u00fade."},"content":{"rendered":"\n<p><strong>Especialistas defenderam a protec\u00e7\u00e3o financeira como elemento central para garantir o acesso equitativo aos cuidados de sa\u00fade em Angola, durante o evento Roda de Sa\u00fade, realizado pela Organiza\u00e7\u00e3o Mundial da Sa\u00fade em Angola, dedicado ao tema Protec\u00e7\u00e3o financeira para a cobertura de sa\u00fade<\/strong>. Fonte <strong><em><a href=\"https:\/\/www.opais.ao\/sociedade\/roda-de-saude-defende-reducao-de-pagamentos-directos-a-cuidados-de-saude\/\">Opa\u00eds<\/a><\/em><\/strong><\/p>\n","protected":false},"excerpt":{"rendered":"<p>Especialistas defenderam a protec\u00e7\u00e3o financeira como elemento central para garantir o acesso equitativo aos cuidados de sa\u00fade em Angola, durante o evento Roda de Sa\u00fade, realizado pela Organiza\u00e7\u00e3o Mundial da Sa\u00fade em Angola, dedicado ao tema Protec\u00e7\u00e3o financeira para a cobertura de sa\u00fade. Fonte Opa\u00eds<\/p>\n","protected":false},"author":3,"featured_media":3435,"comment_status":"open","ping_status":"open","sticky":false,"template":"","format":"standard","meta":{"footnotes":""},"categories":[16],"tags":[1390,1389],"class_list":["post-3434","post","type-post","status-publish","format-standard","has-post-thumbnail","hentry","category-actualidade","tag-reducao-de-pagamentos-directos-a-cuidados-de-saude","tag-roda-de-saude"],"blocksy_meta":[],"_links":{"self":[{"href":"https:\/\/www.radiomais.ao\/index.php\/wp-json\/wp\/v2\/posts\/3434","targetHints":{"allow":["GET"]}}],"collection":[{"href":"https:\/\/www.radiomais.ao\/index.php\/wp-json\/wp\/v2\/posts"}],"about":[{"href":"https:\/\/www.radiomais.ao\/index.php\/wp-json\/wp\/v2\/types\/post"}],"author":[{"embeddable":true,"href":"https:\/\/www.radiomais.ao\/index.php\/wp-json\/wp\/v2\/users\/3"}],"replies":[{"embeddable":true,"href":"https:\/\/www.radiomais.ao\/index.php\/wp-json\/wp\/v2\/comments?post=3434"}],"version-history":[{"count":1,"href":"https:\/\/www.radiomais.ao\/index.php\/wp-json\/wp\/v2\/posts\/3434\/revisions"}],"predecessor-version":[{"id":3436,"href":"https:\/\/www.radiomais.ao\/index.php\/wp-json\/wp\/v2\/posts\/3434\/revisions\/3436"}],"wp:featuredmedia":[{"embeddable":true,"href":"https:\/\/www.radiomais.ao\/index.php\/wp-json\/wp\/v2\/media\/3435"}],"wp:attachment":[{"href":"https:\/\/www.radiomais.ao\/index.php\/wp-json\/wp\/v2\/media?parent=3434"}],"wp:term":[{"taxonomy":"category","embeddable":true,"href":"https:\/\/www.radiomais.ao\/index.php\/wp-json\/wp\/v2\/categories?post=3434"},{"taxonomy":"post_tag","embeddable":true,"href":"https:\/\/www.radiomais.ao\/index.php\/wp-json\/wp\/v2\/tags?post=3434"}],"curies":[{"name":"wp","href":"https:\/\/api.w.org\/{rel}","templated":true}]}}