{"id":3437,"date":"2025-12-15T09:22:31","date_gmt":"2025-12-15T08:22:31","guid":{"rendered":"https:\/\/www.radiomais.ao\/?p=3437"},"modified":"2025-12-15T09:22:31","modified_gmt":"2025-12-15T08:22:31","slug":"cruz-vermelha-angola-compromete-se-a-reconstruir-centros-de-saude","status":"publish","type":"post","link":"https:\/\/www.radiomais.ao\/index.php\/2025\/12\/15\/cruz-vermelha-angola-compromete-se-a-reconstruir-centros-de-saude\/","title":{"rendered":"Cruz Vermelha Angola compromete-se a reconstruir centros de sa\u00fade."},"content":{"rendered":"\n<p>A primeira gala de solidariedade da Cruz Vermelha de Angola marca o lan\u00e7amento de uma iniciativa de benefic\u00eancia alinhada com a tradi\u00e7\u00e3o internacional do Movimento da Cruz Vermelha, que tem como objetivo angariar recursos para projetos humanit\u00e1rios e de sa\u00fade comunit\u00e1ria no pa\u00eds.<\/p>\n\n\n\n<p>O evento reuniu membros do Executivo, deputados, corpo diplom\u00e1tico, representantes do sector empresarial , da sociedade civil, jornalistas e artistas. A presidente da Cruz Vermelha de Angola, Delfina Cumandala explicou que a gala surge como um instrumento estrat\u00e9gico para refor\u00e7ar a capacidade de interven\u00e7\u00e3o da institui\u00e7\u00e3o.<\/p>\n\n\n\n<p>\u201cEm todo o mundo, as sociedades nacionais da Cruz Vermelha realizam galas de benefic\u00eancia no final do ano para angariar recursos. Em Angola, os fundos arrecadados destinam-se \u00e0 estrutura\u00e7\u00e3o e reconstru\u00e7\u00e3o de centros de sa\u00fade comunit\u00e1rios que se encontram inoperantes\u201d, enfatizou a presidente.<\/p>\n","protected":false},"excerpt":{"rendered":"<p>A primeira gala de solidariedade da Cruz Vermelha de Angola marca o lan\u00e7amento de uma iniciativa de benefic\u00eancia alinhada com a tradi\u00e7\u00e3o internacional do Movimento da Cruz Vermelha, que tem como objetivo angariar recursos para projetos humanit\u00e1rios e de sa\u00fade comunit\u00e1ria no pa\u00eds. O evento reuniu membros do Executivo, deputados, corpo diplom\u00e1tico, representantes do sector [&hellip;]<\/p>\n","protected":false},"author":3,"featured_media":3438,"comment_status":"open","ping_status":"open","sticky":false,"template":"","format":"standard","meta":{"footnotes":""},"categories":[16],"tags":[1391,1392],"class_list":["post-3437","post","type-post","status-publish","format-standard","has-post-thumbnail","hentry","category-actualidade","tag-cruz-vermelha","tag-reconstrucao-centrso-de-saude"],"blocksy_meta":[],"_links":{"self":[{"href":"https:\/\/www.radiomais.ao\/index.php\/wp-json\/wp\/v2\/posts\/3437","targetHints":{"allow":["GET"]}}],"collection":[{"href":"https:\/\/www.radiomais.ao\/index.php\/wp-json\/wp\/v2\/posts"}],"about":[{"href":"https:\/\/www.radiomais.ao\/index.php\/wp-json\/wp\/v2\/types\/post"}],"author":[{"embeddable":true,"href":"https:\/\/www.radiomais.ao\/index.php\/wp-json\/wp\/v2\/users\/3"}],"replies":[{"embeddable":true,"href":"https:\/\/www.radiomais.ao\/index.php\/wp-json\/wp\/v2\/comments?post=3437"}],"version-history":[{"count":1,"href":"https:\/\/www.radiomais.ao\/index.php\/wp-json\/wp\/v2\/posts\/3437\/revisions"}],"predecessor-version":[{"id":3439,"href":"https:\/\/www.radiomais.ao\/index.php\/wp-json\/wp\/v2\/posts\/3437\/revisions\/3439"}],"wp:featuredmedia":[{"embeddable":true,"href":"https:\/\/www.radiomais.ao\/index.php\/wp-json\/wp\/v2\/media\/3438"}],"wp:attachment":[{"href":"https:\/\/www.radiomais.ao\/index.php\/wp-json\/wp\/v2\/media?parent=3437"}],"wp:term":[{"taxonomy":"category","embeddable":true,"href":"https:\/\/www.radiomais.ao\/index.php\/wp-json\/wp\/v2\/categories?post=3437"},{"taxonomy":"post_tag","embeddable":true,"href":"https:\/\/www.radiomais.ao\/index.php\/wp-json\/wp\/v2\/tags?post=3437"}],"curies":[{"name":"wp","href":"https:\/\/api.w.org\/{rel}","templated":true}]}}