{"id":3440,"date":"2025-12-15T11:28:17","date_gmt":"2025-12-15T10:28:17","guid":{"rendered":"https:\/\/www.radiomais.ao\/?p=3440"},"modified":"2025-12-15T12:20:12","modified_gmt":"2025-12-15T11:20:12","slug":"o-ministerio-da-saude-reforcado-com-25-novas-ambulancias","status":"publish","type":"post","link":"https:\/\/www.radiomais.ao\/index.php\/2025\/12\/15\/o-ministerio-da-saude-reforcado-com-25-novas-ambulancias\/","title":{"rendered":"O Minist\u00e9rio da Sa\u00fade refor\u00e7ado com 25 novas ambul\u00e2ncias."},"content":{"rendered":"\n<p>Entregues oficialmente hoje aos Gabinetes Prov\u00ednciais, para o refor\u00e7o do sistema nacional sanit\u00e1rio.<\/p>\n\n\n\n<p>Os meios resultam de uma doa\u00e7\u00e3o dos Emirados \u00c1rabes Unidos, no quadro das rela\u00e7\u00f5es de coopera\u00e7\u00e3o com Angola.<\/p>\n\n\n<div \n    class=\"align wp-block-scb-sound-cloud\"    id=\"scbSoundCloud-1\"\n    data-attributes='{&quot;cId&quot;:&quot;c2a7a050-0&quot;,&quot;tracks&quot;:[{&quot;url&quot;:&quot;https:\\\/\\\/soundcloud.com\\\/radio-mais-luanda\\\/directora-saude-no-uige?si=a3eec194e45946a1bfc14b05f80b58ae&amp;utm_source=clipboard&amp;utm_medium=text&amp;utm_campaign=social_sharing&quot;,&quot;startTrack&quot;:0}],&quot;alignment&quot;:&quot;center&quot;,&quot;align&quot;:&quot;&quot;,&quot;options&quot;:{&quot;isAutoPlay&quot;:true,&quot;color&quot;:&quot;#f50&quot;,&quot;isBuying&quot;:true,&quot;isSharing&quot;:true,&quot;isDownload&quot;:true,&quot;isArtWork&quot;:true,&quot;isPlayCount&quot;:true,&quot;isUser&quot;:true,&quot;isSingleActive&quot;:true,&quot;isComments&quot;:true,&quot;isVisual&quot;:false,&quot;isTeaser&quot;:false,&quot;isHideRelated&quot;:false},&quot;iframeStyle&quot;:{&quot;width&quot;:&quot;100%&quot;,&quot;height&quot;:&quot;170px&quot;},&quot;frameBorder&quot;:{&quot;color&quot;:&quot;#000&quot;,&quot;style&quot;:&quot;solid&quot;,&quot;width&quot;:&quot;1px&quot;},&quot;frameBRadius&quot;:{&quot;top&quot;:&quot;3px&quot;,&quot;bottom&quot;:&quot;3px&quot;,&quot;left&quot;:&quot;3px&quot;,&quot;right&quot;:&quot;3px&quot;},&quot;frameBoxShadow&quot;:[]}'>\n<\/div>\n\n \n      \n\n\n<p><\/p>\n","protected":false},"excerpt":{"rendered":"<p>Entregues oficialmente hoje aos Gabinetes Prov\u00ednciais, para o refor\u00e7o do sistema nacional sanit\u00e1rio. Os meios resultam de uma doa\u00e7\u00e3o dos Emirados \u00c1rabes Unidos, no quadro das rela\u00e7\u00f5es de coopera\u00e7\u00e3o com Angola.<\/p>\n","protected":false},"author":3,"featured_media":3443,"comment_status":"open","ping_status":"open","sticky":false,"template":"","format":"standard","meta":{"footnotes":""},"categories":[16],"tags":[579,1393],"class_list":["post-3440","post","type-post","status-publish","format-standard","has-post-thumbnail","hentry","category-actualidade","tag-minsa","tag-reforcado-com-20-ambulancias"],"blocksy_meta":[],"_links":{"self":[{"href":"https:\/\/www.radiomais.ao\/index.php\/wp-json\/wp\/v2\/posts\/3440","targetHints":{"allow":["GET"]}}],"collection":[{"href":"https:\/\/www.radiomais.ao\/index.php\/wp-json\/wp\/v2\/posts"}],"about":[{"href":"https:\/\/www.radiomais.ao\/index.php\/wp-json\/wp\/v2\/types\/post"}],"author":[{"embeddable":true,"href":"https:\/\/www.radiomais.ao\/index.php\/wp-json\/wp\/v2\/users\/3"}],"replies":[{"embeddable":true,"href":"https:\/\/www.radiomais.ao\/index.php\/wp-json\/wp\/v2\/comments?post=3440"}],"version-history":[{"count":5,"href":"https:\/\/www.radiomais.ao\/index.php\/wp-json\/wp\/v2\/posts\/3440\/revisions"}],"predecessor-version":[{"id":3455,"href":"https:\/\/www.radiomais.ao\/index.php\/wp-json\/wp\/v2\/posts\/3440\/revisions\/3455"}],"wp:featuredmedia":[{"embeddable":true,"href":"https:\/\/www.radiomais.ao\/index.php\/wp-json\/wp\/v2\/media\/3443"}],"wp:attachment":[{"href":"https:\/\/www.radiomais.ao\/index.php\/wp-json\/wp\/v2\/media?parent=3440"}],"wp:term":[{"taxonomy":"category","embeddable":true,"href":"https:\/\/www.radiomais.ao\/index.php\/wp-json\/wp\/v2\/categories?post=3440"},{"taxonomy":"post_tag","embeddable":true,"href":"https:\/\/www.radiomais.ao\/index.php\/wp-json\/wp\/v2\/tags?post=3440"}],"curies":[{"name":"wp","href":"https:\/\/api.w.org\/{rel}","templated":true}]}}