{"id":3456,"date":"2025-12-15T12:31:51","date_gmt":"2025-12-15T11:31:51","guid":{"rendered":"https:\/\/www.radiomais.ao\/?p=3456"},"modified":"2025-12-15T12:34:31","modified_gmt":"2025-12-15T11:34:31","slug":"feira-do-natal-e-da-batata-arranca-amanha-na-cidade-do-lubango","status":"publish","type":"post","link":"https:\/\/www.radiomais.ao\/index.php\/2025\/12\/15\/feira-do-natal-e-da-batata-arranca-amanha-na-cidade-do-lubango\/","title":{"rendered":"Feira do Natal e da batata arranca amanh\u00e3 na cidade do Lubango."},"content":{"rendered":"\n<p>O evento que ter\u00e1 a dura\u00e7\u00e3o de 6 dias, \u00e9 uma promo\u00e7\u00e3o da Associa\u00e7\u00e3o Agro-pecu\u00e1ria Comercial e Industrial da Hu\u00edla e vai reunir no recinto da Expo-Hu\u00edla, 70 empresas.<\/p>\n\n\n\n<p>De acordo com o presidente da AAPCIL, Paulo Gaspar, o objectivo \u00e9 facilitar a compra de produtos directamente dos produtores a pre\u00e7os mais acess\u00edveis&nbsp;para a quadra festiva.<\/p>\n\n\n\n<p><\/p>\n\n\n<div \n    class=\"align wp-block-scb-sound-cloud\"    id=\"scbSoundCloud-1\"\n    data-attributes='{&quot;cId&quot;:&quot;f0b60ca0-1&quot;,&quot;tracks&quot;:[{&quot;url&quot;:&quot;https:\\\/\\\/soundcloud.com\\\/radio-mais-luanda\\\/feira-do-natal-e-da-batata-arranca-amanha-na-cidade-do-lubango?si=d9e7e4fce62246efae510a96923d90a7&amp;utm_source=clipboard&amp;utm_medium=text&amp;utm_campaign=social_sharing&quot;,&quot;startTrack&quot;:0}],&quot;alignment&quot;:&quot;center&quot;,&quot;align&quot;:&quot;&quot;,&quot;options&quot;:{&quot;isAutoPlay&quot;:true,&quot;color&quot;:&quot;#f50&quot;,&quot;isBuying&quot;:true,&quot;isSharing&quot;:true,&quot;isDownload&quot;:true,&quot;isArtWork&quot;:true,&quot;isPlayCount&quot;:true,&quot;isUser&quot;:true,&quot;isSingleActive&quot;:true,&quot;isComments&quot;:true,&quot;isVisual&quot;:false,&quot;isTeaser&quot;:false,&quot;isHideRelated&quot;:false},&quot;iframeStyle&quot;:{&quot;width&quot;:&quot;100%&quot;,&quot;height&quot;:&quot;170px&quot;},&quot;frameBorder&quot;:{&quot;color&quot;:&quot;#000&quot;,&quot;style&quot;:&quot;solid&quot;,&quot;width&quot;:&quot;1px&quot;},&quot;frameBRadius&quot;:{&quot;top&quot;:&quot;3px&quot;,&quot;bottom&quot;:&quot;3px&quot;,&quot;left&quot;:&quot;3px&quot;,&quot;right&quot;:&quot;3px&quot;},&quot;frameBoxShadow&quot;:[]}'>\n<\/div>\n\n \n      ","protected":false},"excerpt":{"rendered":"<p>O evento que ter\u00e1 a dura\u00e7\u00e3o de 6 dias, \u00e9 uma promo\u00e7\u00e3o da Associa\u00e7\u00e3o Agro-pecu\u00e1ria Comercial e Industrial da Hu\u00edla e vai reunir no recinto da Expo-Hu\u00edla, 70 empresas. De acordo com o presidente da AAPCIL, Paulo Gaspar, o objectivo \u00e9 facilitar a compra de produtos directamente dos produtores a pre\u00e7os mais acess\u00edveis&nbsp;para a quadra [&hellip;]<\/p>\n","protected":false},"author":3,"featured_media":3460,"comment_status":"open","ping_status":"open","sticky":false,"template":"","format":"standard","meta":{"footnotes":""},"categories":[16],"tags":[1397,1398],"class_list":["post-3456","post","type-post","status-publish","format-standard","has-post-thumbnail","hentry","category-actualidade","tag-feira-do-natal","tag-no-lubango"],"blocksy_meta":[],"_links":{"self":[{"href":"https:\/\/www.radiomais.ao\/index.php\/wp-json\/wp\/v2\/posts\/3456","targetHints":{"allow":["GET"]}}],"collection":[{"href":"https:\/\/www.radiomais.ao\/index.php\/wp-json\/wp\/v2\/posts"}],"about":[{"href":"https:\/\/www.radiomais.ao\/index.php\/wp-json\/wp\/v2\/types\/post"}],"author":[{"embeddable":true,"href":"https:\/\/www.radiomais.ao\/index.php\/wp-json\/wp\/v2\/users\/3"}],"replies":[{"embeddable":true,"href":"https:\/\/www.radiomais.ao\/index.php\/wp-json\/wp\/v2\/comments?post=3456"}],"version-history":[{"count":3,"href":"https:\/\/www.radiomais.ao\/index.php\/wp-json\/wp\/v2\/posts\/3456\/revisions"}],"predecessor-version":[{"id":3461,"href":"https:\/\/www.radiomais.ao\/index.php\/wp-json\/wp\/v2\/posts\/3456\/revisions\/3461"}],"wp:featuredmedia":[{"embeddable":true,"href":"https:\/\/www.radiomais.ao\/index.php\/wp-json\/wp\/v2\/media\/3460"}],"wp:attachment":[{"href":"https:\/\/www.radiomais.ao\/index.php\/wp-json\/wp\/v2\/media?parent=3456"}],"wp:term":[{"taxonomy":"category","embeddable":true,"href":"https:\/\/www.radiomais.ao\/index.php\/wp-json\/wp\/v2\/categories?post=3456"},{"taxonomy":"post_tag","embeddable":true,"href":"https:\/\/www.radiomais.ao\/index.php\/wp-json\/wp\/v2\/tags?post=3456"}],"curies":[{"name":"wp","href":"https:\/\/api.w.org\/{rel}","templated":true}]}}