{"id":3466,"date":"2025-12-15T14:14:08","date_gmt":"2025-12-15T13:14:08","guid":{"rendered":"https:\/\/www.radiomais.ao\/?p=3466"},"modified":"2025-12-15T14:14:08","modified_gmt":"2025-12-15T13:14:08","slug":"mais-de-cem-mil-habitantes-no-moxico-leste-terao-acesso-a-energia-eletrica","status":"publish","type":"post","link":"https:\/\/www.radiomais.ao\/index.php\/2025\/12\/15\/mais-de-cem-mil-habitantes-no-moxico-leste-terao-acesso-a-energia-eletrica\/","title":{"rendered":"Mais de cem mil habitantes no Moxico Leste ter\u00e3o acesso \u00e0 energia el\u00e9trica."},"content":{"rendered":"\n<p>Mais de 100.000 (cem mil) habitantes do munic\u00edpio do Luau, prov\u00edncia do Moxico Leste ter\u00e3o, dentro em breve, acesso \u00e0 eletricidade.<\/p>\n\n\n\n<p>De acordo com o documento, as obras que est\u00e3o a erguer o parque solar fotovoltaico do Luau est\u00e3o em fase de conclus\u00e3o, estando prevista a sua entrega \u00e0 popula\u00e7\u00e3o em Abril de 2026.<\/p>\n\n\n\n<p>\u00c9 uma infraestrutura robusta e moderna, implantada numa \u00e1rea de 61,80 hectares, que conta com uma pot\u00eancia de 32,20 MWp e 79,77 MWh de armazenamento em baterias. Tem um total de 6 inversores de 4,6 MVA cada e cerca de 55.000 pain\u00e9is solares.<\/p>\n\n\n\n<p>Vai permitir fornecer electricidade limpa, barata e eficiente para o munic\u00edpio do Luau de forma ininterrupta, 24 sob 24 horas, visto que tem armazenamento em baterias, funcionando de forma constante.<\/p>\n\n\n\n<p>No \u00e2mbito deste projecto, est\u00e3o a ser edificadas 20.000 liga\u00e7\u00f5es domicili\u00e1rias, bem como as respectivas linhas de m\u00e9dia e baixa tens\u00e3o.<\/p>\n\n\n\n<p>A execu\u00e7\u00e3o deste parque solar fotovoltaico vai, igualmente, permitir poupar 12.493.600 de litros de combust\u00edvel por ano, aliviando os cofres do Estado.<\/p>\n","protected":false},"excerpt":{"rendered":"<p>Mais de 100.000 (cem mil) habitantes do munic\u00edpio do Luau, prov\u00edncia do Moxico Leste ter\u00e3o, dentro em breve, acesso \u00e0 eletricidade. De acordo com o documento, as obras que est\u00e3o a erguer o parque solar fotovoltaico do Luau est\u00e3o em fase de conclus\u00e3o, estando prevista a sua entrega \u00e0 popula\u00e7\u00e3o em Abril de 2026. \u00c9 [&hellip;]<\/p>\n","protected":false},"author":3,"featured_media":3467,"comment_status":"open","ping_status":"open","sticky":false,"template":"","format":"standard","meta":{"footnotes":""},"categories":[16],"tags":[1401,1360,1194],"class_list":["post-3466","post","type-post","status-publish","format-standard","has-post-thumbnail","hentry","category-actualidade","tag-acesso","tag-energia-electrica","tag-moxico-leste"],"blocksy_meta":[],"_links":{"self":[{"href":"https:\/\/www.radiomais.ao\/index.php\/wp-json\/wp\/v2\/posts\/3466","targetHints":{"allow":["GET"]}}],"collection":[{"href":"https:\/\/www.radiomais.ao\/index.php\/wp-json\/wp\/v2\/posts"}],"about":[{"href":"https:\/\/www.radiomais.ao\/index.php\/wp-json\/wp\/v2\/types\/post"}],"author":[{"embeddable":true,"href":"https:\/\/www.radiomais.ao\/index.php\/wp-json\/wp\/v2\/users\/3"}],"replies":[{"embeddable":true,"href":"https:\/\/www.radiomais.ao\/index.php\/wp-json\/wp\/v2\/comments?post=3466"}],"version-history":[{"count":1,"href":"https:\/\/www.radiomais.ao\/index.php\/wp-json\/wp\/v2\/posts\/3466\/revisions"}],"predecessor-version":[{"id":3468,"href":"https:\/\/www.radiomais.ao\/index.php\/wp-json\/wp\/v2\/posts\/3466\/revisions\/3468"}],"wp:featuredmedia":[{"embeddable":true,"href":"https:\/\/www.radiomais.ao\/index.php\/wp-json\/wp\/v2\/media\/3467"}],"wp:attachment":[{"href":"https:\/\/www.radiomais.ao\/index.php\/wp-json\/wp\/v2\/media?parent=3466"}],"wp:term":[{"taxonomy":"category","embeddable":true,"href":"https:\/\/www.radiomais.ao\/index.php\/wp-json\/wp\/v2\/categories?post=3466"},{"taxonomy":"post_tag","embeddable":true,"href":"https:\/\/www.radiomais.ao\/index.php\/wp-json\/wp\/v2\/tags?post=3466"}],"curies":[{"name":"wp","href":"https:\/\/api.w.org\/{rel}","templated":true}]}}