{"id":3469,"date":"2025-12-15T14:18:22","date_gmt":"2025-12-15T13:18:22","guid":{"rendered":"https:\/\/www.radiomais.ao\/?p=3469"},"modified":"2025-12-15T14:18:22","modified_gmt":"2025-12-15T13:18:22","slug":"acidentes-de-viacao-matam-nove-pessoas-e-deixam-mais-de-20-feridos","status":"publish","type":"post","link":"https:\/\/www.radiomais.ao\/index.php\/2025\/12\/15\/acidentes-de-viacao-matam-nove-pessoas-e-deixam-mais-de-20-feridos\/","title":{"rendered":"Acidentes de via\u00e7\u00e3o matam nove pessoas e deixam mais de 20 feridos."},"content":{"rendered":"\n<p>Nove pessoas morreram e 20 ficaram gravemente feridas em consequ\u00eancia de 14 acidentes de via\u00e7\u00e3o, cujas causas est\u00e3o essencialmente ligadas ao excesso de velocidade e \u00e0 falta de precau\u00e7\u00e3o no exerc\u00edcio da condu\u00e7\u00e3o. Fonte<strong><em><a href=\"https:\/\/www.opais.ao\/ultimas_hora\/acidentes-de-viacao-matam-nove-pessoas-e-deixam-mais-de-20-feridos\/\"> Opa\u00eds<\/a><\/em><\/strong><\/p>\n","protected":false},"excerpt":{"rendered":"<p>Nove pessoas morreram e 20 ficaram gravemente feridas em consequ\u00eancia de 14 acidentes de via\u00e7\u00e3o, cujas causas est\u00e3o essencialmente ligadas ao excesso de velocidade e \u00e0 falta de precau\u00e7\u00e3o no exerc\u00edcio da condu\u00e7\u00e3o. Fonte Opa\u00eds<\/p>\n","protected":false},"author":3,"featured_media":3470,"comment_status":"open","ping_status":"open","sticky":false,"template":"","format":"standard","meta":{"footnotes":""},"categories":[16],"tags":[1403,1405,1404],"class_list":["post-3469","post","type-post","status-publish","format-standard","has-post-thumbnail","hentry","category-actualidade","tag-acidentes-de-aviacao","tag-e-fere-20","tag-mata-9"],"blocksy_meta":[],"_links":{"self":[{"href":"https:\/\/www.radiomais.ao\/index.php\/wp-json\/wp\/v2\/posts\/3469","targetHints":{"allow":["GET"]}}],"collection":[{"href":"https:\/\/www.radiomais.ao\/index.php\/wp-json\/wp\/v2\/posts"}],"about":[{"href":"https:\/\/www.radiomais.ao\/index.php\/wp-json\/wp\/v2\/types\/post"}],"author":[{"embeddable":true,"href":"https:\/\/www.radiomais.ao\/index.php\/wp-json\/wp\/v2\/users\/3"}],"replies":[{"embeddable":true,"href":"https:\/\/www.radiomais.ao\/index.php\/wp-json\/wp\/v2\/comments?post=3469"}],"version-history":[{"count":1,"href":"https:\/\/www.radiomais.ao\/index.php\/wp-json\/wp\/v2\/posts\/3469\/revisions"}],"predecessor-version":[{"id":3471,"href":"https:\/\/www.radiomais.ao\/index.php\/wp-json\/wp\/v2\/posts\/3469\/revisions\/3471"}],"wp:featuredmedia":[{"embeddable":true,"href":"https:\/\/www.radiomais.ao\/index.php\/wp-json\/wp\/v2\/media\/3470"}],"wp:attachment":[{"href":"https:\/\/www.radiomais.ao\/index.php\/wp-json\/wp\/v2\/media?parent=3469"}],"wp:term":[{"taxonomy":"category","embeddable":true,"href":"https:\/\/www.radiomais.ao\/index.php\/wp-json\/wp\/v2\/categories?post=3469"},{"taxonomy":"post_tag","embeddable":true,"href":"https:\/\/www.radiomais.ao\/index.php\/wp-json\/wp\/v2\/tags?post=3469"}],"curies":[{"name":"wp","href":"https:\/\/api.w.org\/{rel}","templated":true}]}}