{"id":3478,"date":"2025-12-16T08:33:03","date_gmt":"2025-12-16T07:33:03","guid":{"rendered":"https:\/\/www.radiomais.ao\/?p=3478"},"modified":"2025-12-16T08:33:03","modified_gmt":"2025-12-16T07:33:03","slug":"percurso-democratico-de-angola-eternizado-na-casa-museu-das-eleicoes","status":"publish","type":"post","link":"https:\/\/www.radiomais.ao\/index.php\/2025\/12\/16\/percurso-democratico-de-angola-eternizado-na-casa-museu-das-eleicoes\/","title":{"rendered":"Percurso democr\u00e1tico de Angola \u201ceternizado\u201d na Casa Museu das Elei\u00e7\u00f5es."},"content":{"rendered":"\n<p><strong>A casa museu das Elei\u00e7\u00f5es preserva o patrim\u00f3nio material e imaterial dos processos eleitorais, desde os boletins de voto \u00e0s urnas, dos cadernos eleitorais aos registos de audiovisuais, das campanhas de educa\u00e7\u00e3o c\u00edvica aos relat\u00f3rios t\u00e9cnicos, constituindo uma base documental indispens\u00e1vel para a compreens\u00e3o pol\u00edtica do percurso democr\u00e1tico de Angola para a forma\u00e7\u00e3o das gera\u00e7\u00f5es futuras<\/strong>. Ler mais em <strong><em><a href=\"https:\/\/www.opais.ao\/politica\/percurso-democratico-de-angola-eternizado-na-casa-museu-das-eleicoes\/\">Opa\u00eds<\/a><\/em><\/strong><\/p>\n","protected":false},"excerpt":{"rendered":"<p>A casa museu das Elei\u00e7\u00f5es preserva o patrim\u00f3nio material e imaterial dos processos eleitorais, desde os boletins de voto \u00e0s urnas, dos cadernos eleitorais aos registos de audiovisuais, das campanhas de educa\u00e7\u00e3o c\u00edvica aos relat\u00f3rios t\u00e9cnicos, constituindo uma base documental indispens\u00e1vel para a compreens\u00e3o pol\u00edtica do percurso democr\u00e1tico de Angola para a forma\u00e7\u00e3o das gera\u00e7\u00f5es [&hellip;]<\/p>\n","protected":false},"author":3,"featured_media":3479,"comment_status":"open","ping_status":"open","sticky":false,"template":"","format":"standard","meta":{"footnotes":""},"categories":[16],"tags":[1408,1407],"class_list":["post-3478","post","type-post","status-publish","format-standard","has-post-thumbnail","hentry","category-actualidade","tag-eternizado","tag-percurso-democratico"],"blocksy_meta":[],"_links":{"self":[{"href":"https:\/\/www.radiomais.ao\/index.php\/wp-json\/wp\/v2\/posts\/3478","targetHints":{"allow":["GET"]}}],"collection":[{"href":"https:\/\/www.radiomais.ao\/index.php\/wp-json\/wp\/v2\/posts"}],"about":[{"href":"https:\/\/www.radiomais.ao\/index.php\/wp-json\/wp\/v2\/types\/post"}],"author":[{"embeddable":true,"href":"https:\/\/www.radiomais.ao\/index.php\/wp-json\/wp\/v2\/users\/3"}],"replies":[{"embeddable":true,"href":"https:\/\/www.radiomais.ao\/index.php\/wp-json\/wp\/v2\/comments?post=3478"}],"version-history":[{"count":1,"href":"https:\/\/www.radiomais.ao\/index.php\/wp-json\/wp\/v2\/posts\/3478\/revisions"}],"predecessor-version":[{"id":3480,"href":"https:\/\/www.radiomais.ao\/index.php\/wp-json\/wp\/v2\/posts\/3478\/revisions\/3480"}],"wp:featuredmedia":[{"embeddable":true,"href":"https:\/\/www.radiomais.ao\/index.php\/wp-json\/wp\/v2\/media\/3479"}],"wp:attachment":[{"href":"https:\/\/www.radiomais.ao\/index.php\/wp-json\/wp\/v2\/media?parent=3478"}],"wp:term":[{"taxonomy":"category","embeddable":true,"href":"https:\/\/www.radiomais.ao\/index.php\/wp-json\/wp\/v2\/categories?post=3478"},{"taxonomy":"post_tag","embeddable":true,"href":"https:\/\/www.radiomais.ao\/index.php\/wp-json\/wp\/v2\/tags?post=3478"}],"curies":[{"name":"wp","href":"https:\/\/api.w.org\/{rel}","templated":true}]}}