{"id":3481,"date":"2025-12-16T08:36:31","date_gmt":"2025-12-16T07:36:31","guid":{"rendered":"https:\/\/www.radiomais.ao\/?p=3481"},"modified":"2025-12-16T08:36:31","modified_gmt":"2025-12-16T07:36:31","slug":"arrancam-negociacoes-entre-o-governo-do-bengo-e-o-estado-nigeriano-de-nasarawa","status":"publish","type":"post","link":"https:\/\/www.radiomais.ao\/index.php\/2025\/12\/16\/arrancam-negociacoes-entre-o-governo-do-bengo-e-o-estado-nigeriano-de-nasarawa\/","title":{"rendered":"Arrancam negocia\u00e7\u00f5es entre o Governo do Bengo e o Estado nigeriano de Nasarawa."},"content":{"rendered":"\n<p>A governadora provincial do Bengo, Maria Nelumba e o seu hom\u00f3logo do Estado de Nasarawa, na Nig\u00e9ria, Abdullai Sule, sentaram-se hoje \u00e0 mesma mesa, marcando o in\u00edcio da primeira ronda de negocia\u00e7\u00f5es oficiais, onde, entre os v\u00e1rios aspectos debatidos, estiveram em discuss\u00e3o ao que faz refer\u00eancia \u00e0s \u00e1reas que dever\u00e3o ser eleitas no \u00e2mbito do acordo de gemina\u00e7\u00e3o, que ser\u00e1 assinado entre as duas partes, nesta ter\u00e7a-feira. Ler mais em <strong><em><a href=\"https:\/\/www.opais.ao\/politica\/arrancam-negociacoes-entre-o-governo-do-bengo-e-o-estado-nigeriano-de-nasarawa\/\">Opa\u00eds<\/a><\/em><\/strong><\/p>\n","protected":false},"excerpt":{"rendered":"<p>A governadora provincial do Bengo, Maria Nelumba e o seu hom\u00f3logo do Estado de Nasarawa, na Nig\u00e9ria, Abdullai Sule, sentaram-se hoje \u00e0 mesma mesa, marcando o in\u00edcio da primeira ronda de negocia\u00e7\u00f5es oficiais, onde, entre os v\u00e1rios aspectos debatidos, estiveram em discuss\u00e3o ao que faz refer\u00eancia \u00e0s \u00e1reas que dever\u00e3o ser eleitas no \u00e2mbito do [&hellip;]<\/p>\n","protected":false},"author":3,"featured_media":3482,"comment_status":"open","ping_status":"open","sticky":false,"template":"","format":"standard","meta":{"footnotes":""},"categories":[16],"tags":[1411,1409,1410],"class_list":["post-3481","post","type-post","status-publish","format-standard","has-post-thumbnail","hentry","category-actualidade","tag-e-governo-do-bengo","tag-negociacoes","tag-nigeria"],"blocksy_meta":[],"_links":{"self":[{"href":"https:\/\/www.radiomais.ao\/index.php\/wp-json\/wp\/v2\/posts\/3481","targetHints":{"allow":["GET"]}}],"collection":[{"href":"https:\/\/www.radiomais.ao\/index.php\/wp-json\/wp\/v2\/posts"}],"about":[{"href":"https:\/\/www.radiomais.ao\/index.php\/wp-json\/wp\/v2\/types\/post"}],"author":[{"embeddable":true,"href":"https:\/\/www.radiomais.ao\/index.php\/wp-json\/wp\/v2\/users\/3"}],"replies":[{"embeddable":true,"href":"https:\/\/www.radiomais.ao\/index.php\/wp-json\/wp\/v2\/comments?post=3481"}],"version-history":[{"count":1,"href":"https:\/\/www.radiomais.ao\/index.php\/wp-json\/wp\/v2\/posts\/3481\/revisions"}],"predecessor-version":[{"id":3483,"href":"https:\/\/www.radiomais.ao\/index.php\/wp-json\/wp\/v2\/posts\/3481\/revisions\/3483"}],"wp:featuredmedia":[{"embeddable":true,"href":"https:\/\/www.radiomais.ao\/index.php\/wp-json\/wp\/v2\/media\/3482"}],"wp:attachment":[{"href":"https:\/\/www.radiomais.ao\/index.php\/wp-json\/wp\/v2\/media?parent=3481"}],"wp:term":[{"taxonomy":"category","embeddable":true,"href":"https:\/\/www.radiomais.ao\/index.php\/wp-json\/wp\/v2\/categories?post=3481"},{"taxonomy":"post_tag","embeddable":true,"href":"https:\/\/www.radiomais.ao\/index.php\/wp-json\/wp\/v2\/tags?post=3481"}],"curies":[{"name":"wp","href":"https:\/\/api.w.org\/{rel}","templated":true}]}}