{"id":3484,"date":"2025-12-16T08:39:57","date_gmt":"2025-12-16T07:39:57","guid":{"rendered":"https:\/\/www.radiomais.ao\/?p=3484"},"modified":"2025-12-16T08:39:57","modified_gmt":"2025-12-16T07:39:57","slug":"tc-declara-inconstitucionais-normas-da-lei-dos-crimes-de-vandalismo","status":"publish","type":"post","link":"https:\/\/www.radiomais.ao\/index.php\/2025\/12\/16\/tc-declara-inconstitucionais-normas-da-lei-dos-crimes-de-vandalismo\/","title":{"rendered":"TC declara inconstitucionais normas da Lei dos Crimes de Vandalismo."},"content":{"rendered":"\n<p>OTribunal Constitucional declarou a inconstitucionalidade de v\u00e1rias normas da Lei n.\u00ba 13\/24, de 29 de Agosto, conhecida como Lei dos Crimes de Vandalismo de Bens e Servi\u00e7os P\u00fablicos, por viola\u00e7\u00e3o de princ\u00edpios consagrados na Constitui\u00e7\u00e3o. Ler mais em <strong><em><a href=\"https:\/\/www.opais.ao\/politica\/tc-declara-inconstitucionais-normas-da-lei-dos-crimes-de-vandalismo\/\">Opa\u00eds<\/a><\/em><\/strong><\/p>\n","protected":false},"excerpt":{"rendered":"<p>OTribunal Constitucional declarou a inconstitucionalidade de v\u00e1rias normas da Lei n.\u00ba 13\/24, de 29 de Agosto, conhecida como Lei dos Crimes de Vandalismo de Bens e Servi\u00e7os P\u00fablicos, por viola\u00e7\u00e3o de princ\u00edpios consagrados na Constitui\u00e7\u00e3o. Ler mais em Opa\u00eds<\/p>\n","protected":false},"author":3,"featured_media":3485,"comment_status":"open","ping_status":"open","sticky":false,"template":"","format":"standard","meta":{"footnotes":""},"categories":[16],"tags":[1412,832],"class_list":["post-3484","post","type-post","status-publish","format-standard","has-post-thumbnail","hentry","category-actualidade","tag-crimes-de-vandalismo","tag-tribunal-constitucional"],"blocksy_meta":[],"_links":{"self":[{"href":"https:\/\/www.radiomais.ao\/index.php\/wp-json\/wp\/v2\/posts\/3484","targetHints":{"allow":["GET"]}}],"collection":[{"href":"https:\/\/www.radiomais.ao\/index.php\/wp-json\/wp\/v2\/posts"}],"about":[{"href":"https:\/\/www.radiomais.ao\/index.php\/wp-json\/wp\/v2\/types\/post"}],"author":[{"embeddable":true,"href":"https:\/\/www.radiomais.ao\/index.php\/wp-json\/wp\/v2\/users\/3"}],"replies":[{"embeddable":true,"href":"https:\/\/www.radiomais.ao\/index.php\/wp-json\/wp\/v2\/comments?post=3484"}],"version-history":[{"count":1,"href":"https:\/\/www.radiomais.ao\/index.php\/wp-json\/wp\/v2\/posts\/3484\/revisions"}],"predecessor-version":[{"id":3486,"href":"https:\/\/www.radiomais.ao\/index.php\/wp-json\/wp\/v2\/posts\/3484\/revisions\/3486"}],"wp:featuredmedia":[{"embeddable":true,"href":"https:\/\/www.radiomais.ao\/index.php\/wp-json\/wp\/v2\/media\/3485"}],"wp:attachment":[{"href":"https:\/\/www.radiomais.ao\/index.php\/wp-json\/wp\/v2\/media?parent=3484"}],"wp:term":[{"taxonomy":"category","embeddable":true,"href":"https:\/\/www.radiomais.ao\/index.php\/wp-json\/wp\/v2\/categories?post=3484"},{"taxonomy":"post_tag","embeddable":true,"href":"https:\/\/www.radiomais.ao\/index.php\/wp-json\/wp\/v2\/tags?post=3484"}],"curies":[{"name":"wp","href":"https:\/\/api.w.org\/{rel}","templated":true}]}}