{"id":3487,"date":"2025-12-16T08:43:43","date_gmt":"2025-12-16T07:43:43","guid":{"rendered":"https:\/\/www.radiomais.ao\/?p=3487"},"modified":"2025-12-16T08:43:43","modified_gmt":"2025-12-16T07:43:43","slug":"comportamento-da-economia-angolana-apresenta-curva-positiva","status":"publish","type":"post","link":"https:\/\/www.radiomais.ao\/index.php\/2025\/12\/16\/comportamento-da-economia-angolana-apresenta-curva-positiva\/","title":{"rendered":"Comportamento da economia angolana apresenta curva positiva."},"content":{"rendered":"\n<p><strong>A infla\u00e7\u00e3o em Angola desacelerou para 16,56% em Novembro de 2025, o valor mais baixo dos \u00faltimos dois anos, prolongando a traject\u00f3ria descendente do \u00cdndice de Pre\u00e7os no Consumidor Nacional (IPCN) para 16 meses consecutivos<\/strong>. Ler mais em <strong><em><a href=\"https:\/\/www.opais.ao\/economia\/comportamento-da-economia-angolana-apresenta-curva-positiva\/\">Opa\u00eds<\/a><\/em><\/strong><\/p>\n\n\n\n<p><\/p>\n","protected":false},"excerpt":{"rendered":"<p>A infla\u00e7\u00e3o em Angola desacelerou para 16,56% em Novembro de 2025, o valor mais baixo dos \u00faltimos dois anos, prolongando a traject\u00f3ria descendente do \u00cdndice de Pre\u00e7os no Consumidor Nacional (IPCN) para 16 meses consecutivos. Ler mais em Opa\u00eds<\/p>\n","protected":false},"author":3,"featured_media":3488,"comment_status":"open","ping_status":"open","sticky":false,"template":"","format":"standard","meta":{"footnotes":""},"categories":[16],"tags":[1414,1413],"class_list":["post-3487","post","type-post","status-publish","format-standard","has-post-thumbnail","hentry","category-actualidade","tag-curva-positiva","tag-economia-angolana"],"blocksy_meta":[],"_links":{"self":[{"href":"https:\/\/www.radiomais.ao\/index.php\/wp-json\/wp\/v2\/posts\/3487","targetHints":{"allow":["GET"]}}],"collection":[{"href":"https:\/\/www.radiomais.ao\/index.php\/wp-json\/wp\/v2\/posts"}],"about":[{"href":"https:\/\/www.radiomais.ao\/index.php\/wp-json\/wp\/v2\/types\/post"}],"author":[{"embeddable":true,"href":"https:\/\/www.radiomais.ao\/index.php\/wp-json\/wp\/v2\/users\/3"}],"replies":[{"embeddable":true,"href":"https:\/\/www.radiomais.ao\/index.php\/wp-json\/wp\/v2\/comments?post=3487"}],"version-history":[{"count":1,"href":"https:\/\/www.radiomais.ao\/index.php\/wp-json\/wp\/v2\/posts\/3487\/revisions"}],"predecessor-version":[{"id":3489,"href":"https:\/\/www.radiomais.ao\/index.php\/wp-json\/wp\/v2\/posts\/3487\/revisions\/3489"}],"wp:featuredmedia":[{"embeddable":true,"href":"https:\/\/www.radiomais.ao\/index.php\/wp-json\/wp\/v2\/media\/3488"}],"wp:attachment":[{"href":"https:\/\/www.radiomais.ao\/index.php\/wp-json\/wp\/v2\/media?parent=3487"}],"wp:term":[{"taxonomy":"category","embeddable":true,"href":"https:\/\/www.radiomais.ao\/index.php\/wp-json\/wp\/v2\/categories?post=3487"},{"taxonomy":"post_tag","embeddable":true,"href":"https:\/\/www.radiomais.ao\/index.php\/wp-json\/wp\/v2\/tags?post=3487"}],"curies":[{"name":"wp","href":"https:\/\/api.w.org\/{rel}","templated":true}]}}