{"id":3490,"date":"2025-12-16T08:48:48","date_gmt":"2025-12-16T07:48:48","guid":{"rendered":"https:\/\/www.radiomais.ao\/?p=3490"},"modified":"2025-12-16T08:49:21","modified_gmt":"2025-12-16T07:49:21","slug":"delegacao-brasileira-acompanha-programa-conjunto-de-estimulo-ao-cultivo-de-graos-em-angola","status":"publish","type":"post","link":"https:\/\/www.radiomais.ao\/index.php\/2025\/12\/16\/delegacao-brasileira-acompanha-programa-conjunto-de-estimulo-ao-cultivo-de-graos-em-angola\/","title":{"rendered":"Delega\u00e7\u00e3o brasileira acompanha programa conjunto de est\u00edmulo ao cultivo de gr\u00e3os em Angola."},"content":{"rendered":"\n<p><strong>Uma delega\u00e7\u00e3o brasileira, composta por representantes governamentais e empres\u00e1rios do sector agr\u00edcola, realizou uma visita t\u00e9cnica \u00e0s instala\u00e7\u00f5es da refitec, empresa integrante do Grupo Naval, no \u00e2mbito do programa de coopera\u00e7\u00e3o agr\u00edcola entre o Brasil e Angola, orientado para o desenvolvimento da produ\u00e7\u00e3o de milho e soja no pa\u00eds<\/strong>. Ler mais em <strong><em><a href=\"https:\/\/www.opais.ao\/economia\/delegacao-brasileira-acompanha-programa-conjunto-de-estimulo-ao-cultivo-de-graos-em-angola\/\">Opa\u00eds<\/a><\/em><\/strong><\/p>\n","protected":false},"excerpt":{"rendered":"<p>Uma delega\u00e7\u00e3o brasileira, composta por representantes governamentais e empres\u00e1rios do sector agr\u00edcola, realizou uma visita t\u00e9cnica \u00e0s instala\u00e7\u00f5es da refitec, empresa integrante do Grupo Naval, no \u00e2mbito do programa de coopera\u00e7\u00e3o agr\u00edcola entre o Brasil e Angola, orientado para o desenvolvimento da produ\u00e7\u00e3o de milho e soja no pa\u00eds. Ler mais em Opa\u00eds<\/p>\n","protected":false},"author":3,"featured_media":3491,"comment_status":"open","ping_status":"open","sticky":false,"template":"","format":"standard","meta":{"footnotes":""},"categories":[16],"tags":[1417,1415,1416],"class_list":["post-3490","post","type-post","status-publish","format-standard","has-post-thumbnail","hentry","category-actualidade","tag-cultivo-de-graos","tag-delegacao-brasileira","tag-programa-de-estimulo"],"blocksy_meta":[],"_links":{"self":[{"href":"https:\/\/www.radiomais.ao\/index.php\/wp-json\/wp\/v2\/posts\/3490","targetHints":{"allow":["GET"]}}],"collection":[{"href":"https:\/\/www.radiomais.ao\/index.php\/wp-json\/wp\/v2\/posts"}],"about":[{"href":"https:\/\/www.radiomais.ao\/index.php\/wp-json\/wp\/v2\/types\/post"}],"author":[{"embeddable":true,"href":"https:\/\/www.radiomais.ao\/index.php\/wp-json\/wp\/v2\/users\/3"}],"replies":[{"embeddable":true,"href":"https:\/\/www.radiomais.ao\/index.php\/wp-json\/wp\/v2\/comments?post=3490"}],"version-history":[{"count":1,"href":"https:\/\/www.radiomais.ao\/index.php\/wp-json\/wp\/v2\/posts\/3490\/revisions"}],"predecessor-version":[{"id":3492,"href":"https:\/\/www.radiomais.ao\/index.php\/wp-json\/wp\/v2\/posts\/3490\/revisions\/3492"}],"wp:featuredmedia":[{"embeddable":true,"href":"https:\/\/www.radiomais.ao\/index.php\/wp-json\/wp\/v2\/media\/3491"}],"wp:attachment":[{"href":"https:\/\/www.radiomais.ao\/index.php\/wp-json\/wp\/v2\/media?parent=3490"}],"wp:term":[{"taxonomy":"category","embeddable":true,"href":"https:\/\/www.radiomais.ao\/index.php\/wp-json\/wp\/v2\/categories?post=3490"},{"taxonomy":"post_tag","embeddable":true,"href":"https:\/\/www.radiomais.ao\/index.php\/wp-json\/wp\/v2\/tags?post=3490"}],"curies":[{"name":"wp","href":"https:\/\/api.w.org\/{rel}","templated":true}]}}