{"id":3494,"date":"2025-12-16T08:54:48","date_gmt":"2025-12-16T07:54:48","guid":{"rendered":"https:\/\/www.radiomais.ao\/?p=3494"},"modified":"2025-12-16T08:54:48","modified_gmt":"2025-12-16T07:54:48","slug":"funcao-publica-com-aumento-salarial-de-10-a-partir-de-janeiro","status":"publish","type":"post","link":"https:\/\/www.radiomais.ao\/index.php\/2025\/12\/16\/funcao-publica-com-aumento-salarial-de-10-a-partir-de-janeiro\/","title":{"rendered":"Fun\u00e7\u00e3o P\u00fablica com aumento salarial de 10% a partir de Janeiro."},"content":{"rendered":"\n<p>A Assembleia Nacional aprovou nesta segunda-feira, 15, a Proposta de Lei do Or\u00e7amento Geral do Estado (OGE) para 2026, que, dentre as v\u00e1rias medidas, consta a valoriza\u00e7\u00e3o dos trabalhadores, com aumento salarial de 10% na Fun\u00e7\u00e3o P\u00fablica. Fonte <strong><em><a href=\"https:\/\/www.opais.ao\/economia\/funcao-publica-com-aumento-salarial-de-10-a-partir-de-janeiro\/\">Opa\u00eds<\/a><\/em><\/strong><\/p>\n","protected":false},"excerpt":{"rendered":"<p>A Assembleia Nacional aprovou nesta segunda-feira, 15, a Proposta de Lei do Or\u00e7amento Geral do Estado (OGE) para 2026, que, dentre as v\u00e1rias medidas, consta a valoriza\u00e7\u00e3o dos trabalhadores, com aumento salarial de 10% na Fun\u00e7\u00e3o P\u00fablica. Fonte Opa\u00eds<\/p>\n","protected":false},"author":3,"featured_media":3495,"comment_status":"open","ping_status":"open","sticky":false,"template":"","format":"standard","meta":{"footnotes":""},"categories":[16],"tags":[1418,1419,1421,1420],"class_list":["post-3494","post","type-post","status-publish","format-standard","has-post-thumbnail","hentry","category-actualidade","tag-aumento-slarial","tag-funcao-publica","tag-janeiro","tag-total-10"],"blocksy_meta":[],"_links":{"self":[{"href":"https:\/\/www.radiomais.ao\/index.php\/wp-json\/wp\/v2\/posts\/3494","targetHints":{"allow":["GET"]}}],"collection":[{"href":"https:\/\/www.radiomais.ao\/index.php\/wp-json\/wp\/v2\/posts"}],"about":[{"href":"https:\/\/www.radiomais.ao\/index.php\/wp-json\/wp\/v2\/types\/post"}],"author":[{"embeddable":true,"href":"https:\/\/www.radiomais.ao\/index.php\/wp-json\/wp\/v2\/users\/3"}],"replies":[{"embeddable":true,"href":"https:\/\/www.radiomais.ao\/index.php\/wp-json\/wp\/v2\/comments?post=3494"}],"version-history":[{"count":1,"href":"https:\/\/www.radiomais.ao\/index.php\/wp-json\/wp\/v2\/posts\/3494\/revisions"}],"predecessor-version":[{"id":3496,"href":"https:\/\/www.radiomais.ao\/index.php\/wp-json\/wp\/v2\/posts\/3494\/revisions\/3496"}],"wp:featuredmedia":[{"embeddable":true,"href":"https:\/\/www.radiomais.ao\/index.php\/wp-json\/wp\/v2\/media\/3495"}],"wp:attachment":[{"href":"https:\/\/www.radiomais.ao\/index.php\/wp-json\/wp\/v2\/media?parent=3494"}],"wp:term":[{"taxonomy":"category","embeddable":true,"href":"https:\/\/www.radiomais.ao\/index.php\/wp-json\/wp\/v2\/categories?post=3494"},{"taxonomy":"post_tag","embeddable":true,"href":"https:\/\/www.radiomais.ao\/index.php\/wp-json\/wp\/v2\/tags?post=3494"}],"curies":[{"name":"wp","href":"https:\/\/api.w.org\/{rel}","templated":true}]}}