{"id":3497,"date":"2025-12-16T10:18:50","date_gmt":"2025-12-16T09:18:50","guid":{"rendered":"https:\/\/www.radiomais.ao\/?p=3497"},"modified":"2025-12-16T10:18:50","modified_gmt":"2025-12-16T09:18:50","slug":"mais-de-tres-mil-empresas-em-benguela-furtam-se-ao-pagamento-ao-inss-e-sindicalista-sugere-mao-pesada","status":"publish","type":"post","link":"https:\/\/www.radiomais.ao\/index.php\/2025\/12\/16\/mais-de-tres-mil-empresas-em-benguela-furtam-se-ao-pagamento-ao-inss-e-sindicalista-sugere-mao-pesada\/","title":{"rendered":"Mais de tr\u00eas mil empresas em Benguela furtam-se ao pagamento ao INSS e sindicalista sugere \u201cm\u00e3o pesada\u201d."},"content":{"rendered":"\n<p><strong>O Instituto Nacional de Seguran\u00e7a Social, em Benguela, manifesta preocupa\u00e7\u00e3o em rela\u00e7\u00e3o \u00e0 falta de pagamento por parte de algumas empresas, uma pr\u00e1tica que tem prejudicado milhares de trabalhadores. Citado pela r\u00e1dio Lobito, na segunda-feira, 15, o director provincial do Instituto Nacional de Seguran\u00e7a Social, Bartolomeu Bernardo, prometeu cobran\u00e7as coercivas. O sindicalista Cust\u00f3dio Cupessala defendeu, num breve contacto com este jornal, m\u00e3o pesada do INSS<\/strong>. Fonte <strong><em><a href=\"https:\/\/www.opais.ao\/sociedade\/mais-de-tres-mil-empresas-em-benguela-furtam-se-ao-pagamento-ao-inss-e-sindicalista-sugere-mao-pesada\/\">Opa\u00eds<\/a><\/em><\/strong><\/p>\n","protected":false},"excerpt":{"rendered":"<p>O Instituto Nacional de Seguran\u00e7a Social, em Benguela, manifesta preocupa\u00e7\u00e3o em rela\u00e7\u00e3o \u00e0 falta de pagamento por parte de algumas empresas, uma pr\u00e1tica que tem prejudicado milhares de trabalhadores. Citado pela r\u00e1dio Lobito, na segunda-feira, 15, o director provincial do Instituto Nacional de Seguran\u00e7a Social, Bartolomeu Bernardo, prometeu cobran\u00e7as coercivas. O sindicalista Cust\u00f3dio Cupessala defendeu, [&hellip;]<\/p>\n","protected":false},"author":3,"featured_media":3498,"comment_status":"open","ping_status":"open","sticky":false,"template":"","format":"standard","meta":{"footnotes":""},"categories":[16],"tags":[1423,1422,1424,1425],"class_list":["post-3497","post","type-post","status-publish","format-standard","has-post-thumbnail","hentry","category-actualidade","tag-3-mil-empresas","tag-fuga-ao-fisco","tag-inss","tag-sindicalista"],"blocksy_meta":[],"_links":{"self":[{"href":"https:\/\/www.radiomais.ao\/index.php\/wp-json\/wp\/v2\/posts\/3497","targetHints":{"allow":["GET"]}}],"collection":[{"href":"https:\/\/www.radiomais.ao\/index.php\/wp-json\/wp\/v2\/posts"}],"about":[{"href":"https:\/\/www.radiomais.ao\/index.php\/wp-json\/wp\/v2\/types\/post"}],"author":[{"embeddable":true,"href":"https:\/\/www.radiomais.ao\/index.php\/wp-json\/wp\/v2\/users\/3"}],"replies":[{"embeddable":true,"href":"https:\/\/www.radiomais.ao\/index.php\/wp-json\/wp\/v2\/comments?post=3497"}],"version-history":[{"count":1,"href":"https:\/\/www.radiomais.ao\/index.php\/wp-json\/wp\/v2\/posts\/3497\/revisions"}],"predecessor-version":[{"id":3499,"href":"https:\/\/www.radiomais.ao\/index.php\/wp-json\/wp\/v2\/posts\/3497\/revisions\/3499"}],"wp:featuredmedia":[{"embeddable":true,"href":"https:\/\/www.radiomais.ao\/index.php\/wp-json\/wp\/v2\/media\/3498"}],"wp:attachment":[{"href":"https:\/\/www.radiomais.ao\/index.php\/wp-json\/wp\/v2\/media?parent=3497"}],"wp:term":[{"taxonomy":"category","embeddable":true,"href":"https:\/\/www.radiomais.ao\/index.php\/wp-json\/wp\/v2\/categories?post=3497"},{"taxonomy":"post_tag","embeddable":true,"href":"https:\/\/www.radiomais.ao\/index.php\/wp-json\/wp\/v2\/tags?post=3497"}],"curies":[{"name":"wp","href":"https:\/\/api.w.org\/{rel}","templated":true}]}}