{"id":3506,"date":"2025-12-16T12:11:58","date_gmt":"2025-12-16T11:11:58","guid":{"rendered":"https:\/\/www.radiomais.ao\/?p=3506"},"modified":"2025-12-16T12:13:44","modified_gmt":"2025-12-16T11:13:44","slug":"angola-apresenta-uma-taxa-de-21-da-prevalencia-da-hepatite-b","status":"publish","type":"post","link":"https:\/\/www.radiomais.ao\/index.php\/2025\/12\/16\/angola-apresenta-uma-taxa-de-21-da-prevalencia-da-hepatite-b\/","title":{"rendered":"Angola apresenta uma taxa de preval\u00eancia de 21% da Hepatite B"},"content":{"rendered":"\n<p>As cadeias das prov\u00edncias de Benguela, Cunene e Bengo t\u00eam as maiores taxas de preval\u00eancia de VIH\/Sida, hepatite B e C e s\u00edfilis, segundo o Inqu\u00e9rito Integrado Biol\u00f3gico e Comportamental realizado pelos minist\u00e9rios da Sa\u00fade e do Interior, tendo abrangido 17 estabelecimentos prisionais de nove prov\u00edncias do Pa\u00eds, com testes a mais de 2.000 reclusos entre os 18 e 25 anos.<\/p>\n\n\n\n<p>Segundo o estudo divulgado ontem existe &nbsp;uma taxa de 13,4% de hepatite B, 3,4% de VIH SIDA, 2,1% para s\u00edfilis e cerca de 1% de hepatite C.<\/p>\n\n\n\n<p>De cordo com o Diretor Nacional de Sa\u00fade do Servi\u00e7o Penitenci\u00e1rio Manuel Pereira dos Santos, os casos de tuberculose lideram as estat\u00edsticas entre os reclusos.<\/p>\n\n\n<div \n    class=\"align wp-block-scb-sound-cloud\"    id=\"scbSoundCloud-1\"\n    data-attributes='{&quot;cId&quot;:&quot;47c907b8-e&quot;,&quot;tracks&quot;:[{&quot;url&quot;:&quot;https:\\\/\\\/soundcloud.com\\\/radio-mais-luanda\\\/angola-apresenta-uma-taxa-de-prevalencia-da-hepatite-b-de-21?si=1e7262c4e7eb463cab033eefb4733e31&amp;utm_source=clipboard&amp;utm_medium=text&amp;utm_campaign=social_sharing&quot;,&quot;startTrack&quot;:0}],&quot;alignment&quot;:&quot;center&quot;,&quot;align&quot;:&quot;&quot;,&quot;options&quot;:{&quot;isAutoPlay&quot;:true,&quot;color&quot;:&quot;#f50&quot;,&quot;isBuying&quot;:true,&quot;isSharing&quot;:true,&quot;isDownload&quot;:true,&quot;isArtWork&quot;:true,&quot;isPlayCount&quot;:true,&quot;isUser&quot;:true,&quot;isSingleActive&quot;:true,&quot;isComments&quot;:true,&quot;isVisual&quot;:false,&quot;isTeaser&quot;:false,&quot;isHideRelated&quot;:false},&quot;iframeStyle&quot;:{&quot;width&quot;:&quot;100%&quot;,&quot;height&quot;:&quot;170px&quot;},&quot;frameBorder&quot;:{&quot;color&quot;:&quot;#000&quot;,&quot;style&quot;:&quot;solid&quot;,&quot;width&quot;:&quot;1px&quot;},&quot;frameBRadius&quot;:{&quot;top&quot;:&quot;3px&quot;,&quot;bottom&quot;:&quot;3px&quot;,&quot;left&quot;:&quot;3px&quot;,&quot;right&quot;:&quot;3px&quot;},&quot;frameBoxShadow&quot;:[]}'>\n<\/div>\n\n \n      ","protected":false},"excerpt":{"rendered":"<p>As cadeias das prov\u00edncias de Benguela, Cunene e Bengo t\u00eam as maiores taxas de preval\u00eancia de VIH\/Sida, hepatite B e C e s\u00edfilis, segundo o Inqu\u00e9rito Integrado Biol\u00f3gico e Comportamental realizado pelos minist\u00e9rios da Sa\u00fade e do Interior, tendo abrangido 17 estabelecimentos prisionais de nove prov\u00edncias do Pa\u00eds, com testes a mais de 2.000 reclusos [&hellip;]<\/p>\n","protected":false},"author":3,"featured_media":3507,"comment_status":"open","ping_status":"open","sticky":false,"template":"","format":"standard","meta":{"footnotes":""},"categories":[16],"tags":[1430,693],"class_list":["post-3506","post","type-post","status-publish","format-standard","has-post-thumbnail","hentry","category-actualidade","tag-hepatite-b","tag-taxa"],"blocksy_meta":[],"_links":{"self":[{"href":"https:\/\/www.radiomais.ao\/index.php\/wp-json\/wp\/v2\/posts\/3506","targetHints":{"allow":["GET"]}}],"collection":[{"href":"https:\/\/www.radiomais.ao\/index.php\/wp-json\/wp\/v2\/posts"}],"about":[{"href":"https:\/\/www.radiomais.ao\/index.php\/wp-json\/wp\/v2\/types\/post"}],"author":[{"embeddable":true,"href":"https:\/\/www.radiomais.ao\/index.php\/wp-json\/wp\/v2\/users\/3"}],"replies":[{"embeddable":true,"href":"https:\/\/www.radiomais.ao\/index.php\/wp-json\/wp\/v2\/comments?post=3506"}],"version-history":[{"count":2,"href":"https:\/\/www.radiomais.ao\/index.php\/wp-json\/wp\/v2\/posts\/3506\/revisions"}],"predecessor-version":[{"id":3509,"href":"https:\/\/www.radiomais.ao\/index.php\/wp-json\/wp\/v2\/posts\/3506\/revisions\/3509"}],"wp:featuredmedia":[{"embeddable":true,"href":"https:\/\/www.radiomais.ao\/index.php\/wp-json\/wp\/v2\/media\/3507"}],"wp:attachment":[{"href":"https:\/\/www.radiomais.ao\/index.php\/wp-json\/wp\/v2\/media?parent=3506"}],"wp:term":[{"taxonomy":"category","embeddable":true,"href":"https:\/\/www.radiomais.ao\/index.php\/wp-json\/wp\/v2\/categories?post=3506"},{"taxonomy":"post_tag","embeddable":true,"href":"https:\/\/www.radiomais.ao\/index.php\/wp-json\/wp\/v2\/tags?post=3506"}],"curies":[{"name":"wp","href":"https:\/\/api.w.org\/{rel}","templated":true}]}}