{"id":3513,"date":"2025-12-16T12:45:53","date_gmt":"2025-12-16T11:45:53","guid":{"rendered":"https:\/\/www.radiomais.ao\/?p=3513"},"modified":"2025-12-16T12:45:53","modified_gmt":"2025-12-16T11:45:53","slug":"em-benguela-jovens-recebem-kits-profissionais-para-o-autoemprego","status":"publish","type":"post","link":"https:\/\/www.radiomais.ao\/index.php\/2025\/12\/16\/em-benguela-jovens-recebem-kits-profissionais-para-o-autoemprego\/","title":{"rendered":"Em Benguela jovens recebem kits profissionais para o autoemprego."},"content":{"rendered":"\n<p>Jovens dos Munic\u00edpios do Biopio e Baia farta na Prov\u00edncia de Benguela, recebem kits profissionais para auto emprego, no \u00e2mbito do programa de desenvolvimento local e combate a pobreza.<\/p>\n\n\n<div \n    class=\"align wp-block-scb-sound-cloud\"    id=\"scbSoundCloud-1\"\n    data-attributes='{&quot;cId&quot;:&quot;efadd264-c&quot;,&quot;tracks&quot;:[{&quot;url&quot;:&quot;https:\\\/\\\/soundcloud.com\\\/radio-mais-luanda\\\/em-benguela-jovens-recebem-kits-profissionais-de-auto-emprego?si=5203ae32d0f44524ae78a5a218ca9ac8&amp;utm_source=clipboard&amp;utm_medium=text&amp;utm_campaign=social_sharing&quot;,&quot;startTrack&quot;:0}],&quot;alignment&quot;:&quot;center&quot;,&quot;align&quot;:&quot;&quot;,&quot;options&quot;:{&quot;isAutoPlay&quot;:true,&quot;color&quot;:&quot;#f50&quot;,&quot;isBuying&quot;:true,&quot;isSharing&quot;:true,&quot;isDownload&quot;:true,&quot;isArtWork&quot;:true,&quot;isPlayCount&quot;:true,&quot;isUser&quot;:true,&quot;isSingleActive&quot;:true,&quot;isComments&quot;:true,&quot;isVisual&quot;:false,&quot;isTeaser&quot;:false,&quot;isHideRelated&quot;:false},&quot;iframeStyle&quot;:{&quot;width&quot;:&quot;100%&quot;,&quot;height&quot;:&quot;170px&quot;},&quot;frameBorder&quot;:{&quot;color&quot;:&quot;#000&quot;,&quot;style&quot;:&quot;solid&quot;,&quot;width&quot;:&quot;1px&quot;},&quot;frameBRadius&quot;:{&quot;top&quot;:&quot;3px&quot;,&quot;bottom&quot;:&quot;3px&quot;,&quot;left&quot;:&quot;3px&quot;,&quot;right&quot;:&quot;3px&quot;},&quot;frameBoxShadow&quot;:[]}'>\n<\/div>\n\n \n      \n\n\n<p><\/p>\n","protected":false},"excerpt":{"rendered":"<p>Jovens dos Munic\u00edpios do Biopio e Baia farta na Prov\u00edncia de Benguela, recebem kits profissionais para auto emprego, no \u00e2mbito do programa de desenvolvimento local e combate a pobreza.<\/p>\n","protected":false},"author":3,"featured_media":3514,"comment_status":"open","ping_status":"open","sticky":false,"template":"","format":"standard","meta":{"footnotes":""},"categories":[16],"tags":[1434,1432,1433],"class_list":["post-3513","post","type-post","status-publish","format-standard","has-post-thumbnail","hentry","category-actualidade","tag-auto-emprego","tag-jovens-de-benguela","tag-kits-profisionais"],"blocksy_meta":[],"_links":{"self":[{"href":"https:\/\/www.radiomais.ao\/index.php\/wp-json\/wp\/v2\/posts\/3513","targetHints":{"allow":["GET"]}}],"collection":[{"href":"https:\/\/www.radiomais.ao\/index.php\/wp-json\/wp\/v2\/posts"}],"about":[{"href":"https:\/\/www.radiomais.ao\/index.php\/wp-json\/wp\/v2\/types\/post"}],"author":[{"embeddable":true,"href":"https:\/\/www.radiomais.ao\/index.php\/wp-json\/wp\/v2\/users\/3"}],"replies":[{"embeddable":true,"href":"https:\/\/www.radiomais.ao\/index.php\/wp-json\/wp\/v2\/comments?post=3513"}],"version-history":[{"count":2,"href":"https:\/\/www.radiomais.ao\/index.php\/wp-json\/wp\/v2\/posts\/3513\/revisions"}],"predecessor-version":[{"id":3516,"href":"https:\/\/www.radiomais.ao\/index.php\/wp-json\/wp\/v2\/posts\/3513\/revisions\/3516"}],"wp:featuredmedia":[{"embeddable":true,"href":"https:\/\/www.radiomais.ao\/index.php\/wp-json\/wp\/v2\/media\/3514"}],"wp:attachment":[{"href":"https:\/\/www.radiomais.ao\/index.php\/wp-json\/wp\/v2\/media?parent=3513"}],"wp:term":[{"taxonomy":"category","embeddable":true,"href":"https:\/\/www.radiomais.ao\/index.php\/wp-json\/wp\/v2\/categories?post=3513"},{"taxonomy":"post_tag","embeddable":true,"href":"https:\/\/www.radiomais.ao\/index.php\/wp-json\/wp\/v2\/tags?post=3513"}],"curies":[{"name":"wp","href":"https:\/\/api.w.org\/{rel}","templated":true}]}}