{"id":3521,"date":"2025-12-16T15:16:08","date_gmt":"2025-12-16T14:16:08","guid":{"rendered":"https:\/\/www.radiomais.ao\/?p=3521"},"modified":"2025-12-16T15:16:08","modified_gmt":"2025-12-16T14:16:08","slug":"taxa-de-prevalencia-da-sida-em-angola-fixada-em-16","status":"publish","type":"post","link":"https:\/\/www.radiomais.ao\/index.php\/2025\/12\/16\/taxa-de-prevalencia-da-sida-em-angola-fixada-em-16\/","title":{"rendered":"Taxa de preval\u00eancia da SIDA em Angola fixada em 1,6%."},"content":{"rendered":"\n<p>A directora do Instituto Nacional de Luta contra o SIDA (INLS), L\u00facia Furtado, anunciou, ontem, em Luanda, que a taxa de preval\u00eancia da doen\u00e7a no pa\u00eds est\u00e1 fixada em 1,6 por cento, o que representa uma redu\u00e7\u00e3o face ao ano de 2015, que registava um \u00edndice de 2 por cento.<br>\u200e<br>\u200eAo falar para os jornalistas, no final da visita da vice-presidente da Rep\u00fablica, Esperan\u00e7a da Costa, nas instala\u00e7\u00f5es do INLS, a respons\u00e1vel afirmou que, actualmente, cerca de 370 mil pessoas vivem com VIH\/SIDA no pa\u00eds.<br>\u200e<br>\u200eN\u00e3o obstante aos n\u00fameros, L\u00facia Furtado referiu que Angola figura na lista dos pa\u00edses da \u00c1frica subsaariana que mais investem no combate \u00e0 doen\u00e7a, com cerca de 85% do financiamento destinado ao sector, sendo a maior parte destinada ao tratamento. Ler mais em <strong><em><a href=\"https:\/\/www.opais.ao\/ultimas_hora\/taxa-de-prevalencia-da-sida-em-angola-fixada-em-16\/\">Opa\u00eds<\/a><\/em><\/strong><\/p>\n\n\n\n<p><\/p>\n","protected":false},"excerpt":{"rendered":"<p>A directora do Instituto Nacional de Luta contra o SIDA (INLS), L\u00facia Furtado, anunciou, ontem, em Luanda, que a taxa de preval\u00eancia da doen\u00e7a no pa\u00eds est\u00e1 fixada em 1,6 por cento, o que representa uma redu\u00e7\u00e3o face ao ano de 2015, que registava um \u00edndice de 2 por cento.\u200e\u200eAo falar para os jornalistas, no [&hellip;]<\/p>\n","protected":false},"author":3,"featured_media":3522,"comment_status":"open","ping_status":"open","sticky":false,"template":"","format":"standard","meta":{"footnotes":""},"categories":[16],"tags":[227,1436],"class_list":["post-3521","post","type-post","status-publish","format-standard","has-post-thumbnail","hentry","category-actualidade","tag-hiv","tag-taxa-de-prevalencia"],"blocksy_meta":[],"_links":{"self":[{"href":"https:\/\/www.radiomais.ao\/index.php\/wp-json\/wp\/v2\/posts\/3521","targetHints":{"allow":["GET"]}}],"collection":[{"href":"https:\/\/www.radiomais.ao\/index.php\/wp-json\/wp\/v2\/posts"}],"about":[{"href":"https:\/\/www.radiomais.ao\/index.php\/wp-json\/wp\/v2\/types\/post"}],"author":[{"embeddable":true,"href":"https:\/\/www.radiomais.ao\/index.php\/wp-json\/wp\/v2\/users\/3"}],"replies":[{"embeddable":true,"href":"https:\/\/www.radiomais.ao\/index.php\/wp-json\/wp\/v2\/comments?post=3521"}],"version-history":[{"count":1,"href":"https:\/\/www.radiomais.ao\/index.php\/wp-json\/wp\/v2\/posts\/3521\/revisions"}],"predecessor-version":[{"id":3523,"href":"https:\/\/www.radiomais.ao\/index.php\/wp-json\/wp\/v2\/posts\/3521\/revisions\/3523"}],"wp:featuredmedia":[{"embeddable":true,"href":"https:\/\/www.radiomais.ao\/index.php\/wp-json\/wp\/v2\/media\/3522"}],"wp:attachment":[{"href":"https:\/\/www.radiomais.ao\/index.php\/wp-json\/wp\/v2\/media?parent=3521"}],"wp:term":[{"taxonomy":"category","embeddable":true,"href":"https:\/\/www.radiomais.ao\/index.php\/wp-json\/wp\/v2\/categories?post=3521"},{"taxonomy":"post_tag","embeddable":true,"href":"https:\/\/www.radiomais.ao\/index.php\/wp-json\/wp\/v2\/tags?post=3521"}],"curies":[{"name":"wp","href":"https:\/\/api.w.org\/{rel}","templated":true}]}}