{"id":3524,"date":"2025-12-16T15:20:31","date_gmt":"2025-12-16T14:20:31","guid":{"rendered":"https:\/\/www.radiomais.ao\/?p=3524"},"modified":"2025-12-16T15:20:31","modified_gmt":"2025-12-16T14:20:31","slug":"intendente-do-sic-condenado-a-um-ano-de-prisao-por-abuso-de-cargo-no-uige","status":"publish","type":"post","link":"https:\/\/www.radiomais.ao\/index.php\/2025\/12\/16\/intendente-do-sic-condenado-a-um-ano-de-prisao-por-abuso-de-cargo-no-uige\/","title":{"rendered":"Intendente do SIC condenado a um ano de pris\u00e3o por abuso de cargo no U\u00edge."},"content":{"rendered":"\n<p>Trata-se do intendente de investiga\u00e7\u00e3o criminal An\u00edbal Jos\u00e9 Zobo Mambimbi, que exercia as fun\u00e7\u00f5es de chefe do Departamento de Investiga\u00e7\u00e3o Criminal do munic\u00edpio do U\u00edge.<br>O oficial foi detido e julgado sumariamente pelo Tribunal Militar da Regi\u00e3o Norte, tendo sido condenado no passado dia 12 de Dezembro do corrente ano. Fonte <strong><em><a href=\"https:\/\/www.opais.ao\/ultimas_hora\/intendente-do-sic-condenado-a-um-ano-de-prisao-por-abuso-de-cargo-no-uige\/\">Opa\u00eds<\/a><\/em><\/strong><\/p>\n","protected":false},"excerpt":{"rendered":"<p>Trata-se do intendente de investiga\u00e7\u00e3o criminal An\u00edbal Jos\u00e9 Zobo Mambimbi, que exercia as fun\u00e7\u00f5es de chefe do Departamento de Investiga\u00e7\u00e3o Criminal do munic\u00edpio do U\u00edge.O oficial foi detido e julgado sumariamente pelo Tribunal Militar da Regi\u00e3o Norte, tendo sido condenado no passado dia 12 de Dezembro do corrente ano. Fonte Opa\u00eds<\/p>\n","protected":false},"author":3,"featured_media":3525,"comment_status":"open","ping_status":"open","sticky":false,"template":"","format":"standard","meta":{"footnotes":""},"categories":[16],"tags":[546,1437,319],"class_list":["post-3524","post","type-post","status-publish","format-standard","has-post-thumbnail","hentry","category-actualidade","tag-detido","tag-intendente","tag-no-uige"],"blocksy_meta":[],"_links":{"self":[{"href":"https:\/\/www.radiomais.ao\/index.php\/wp-json\/wp\/v2\/posts\/3524","targetHints":{"allow":["GET"]}}],"collection":[{"href":"https:\/\/www.radiomais.ao\/index.php\/wp-json\/wp\/v2\/posts"}],"about":[{"href":"https:\/\/www.radiomais.ao\/index.php\/wp-json\/wp\/v2\/types\/post"}],"author":[{"embeddable":true,"href":"https:\/\/www.radiomais.ao\/index.php\/wp-json\/wp\/v2\/users\/3"}],"replies":[{"embeddable":true,"href":"https:\/\/www.radiomais.ao\/index.php\/wp-json\/wp\/v2\/comments?post=3524"}],"version-history":[{"count":1,"href":"https:\/\/www.radiomais.ao\/index.php\/wp-json\/wp\/v2\/posts\/3524\/revisions"}],"predecessor-version":[{"id":3526,"href":"https:\/\/www.radiomais.ao\/index.php\/wp-json\/wp\/v2\/posts\/3524\/revisions\/3526"}],"wp:featuredmedia":[{"embeddable":true,"href":"https:\/\/www.radiomais.ao\/index.php\/wp-json\/wp\/v2\/media\/3525"}],"wp:attachment":[{"href":"https:\/\/www.radiomais.ao\/index.php\/wp-json\/wp\/v2\/media?parent=3524"}],"wp:term":[{"taxonomy":"category","embeddable":true,"href":"https:\/\/www.radiomais.ao\/index.php\/wp-json\/wp\/v2\/categories?post=3524"},{"taxonomy":"post_tag","embeddable":true,"href":"https:\/\/www.radiomais.ao\/index.php\/wp-json\/wp\/v2\/tags?post=3524"}],"curies":[{"name":"wp","href":"https:\/\/api.w.org\/{rel}","templated":true}]}}