{"id":3531,"date":"2025-12-17T08:23:14","date_gmt":"2025-12-17T07:23:14","guid":{"rendered":"https:\/\/www.radiomais.ao\/?p=3531"},"modified":"2025-12-17T08:23:14","modified_gmt":"2025-12-17T07:23:14","slug":"cubango-reforca-capacitacao-em-contratacao-publica-para-execucao-de-programas-do-executivo","status":"publish","type":"post","link":"https:\/\/www.radiomais.ao\/index.php\/2025\/12\/17\/cubango-reforca-capacitacao-em-contratacao-publica-para-execucao-de-programas-do-executivo\/","title":{"rendered":"Cubango refor\u00e7a capacita\u00e7\u00e3o em contrata\u00e7\u00e3o p\u00fablica para execu\u00e7\u00e3o de programas do Executivo."},"content":{"rendered":"\n<p>Os gestores das Unidades Or\u00e7amentais da prov\u00edncia do Cubango participaram, nesta Ter\u00e7a-feira, 16, num encontro t\u00e9cnico-metodol\u00f3gico sobre o Ecossistema da Contrata\u00e7\u00e3o P\u00fablica, promovido pelo Minist\u00e9rio das Finan\u00e7as, atrav\u00e9s do Servi\u00e7o Nacional da Contrata\u00e7\u00e3o P\u00fablica (SNCP), com vista ao refor\u00e7o das capacidades t\u00e9cnicas e \u00e0 melhoria da execu\u00e7\u00e3o dos programas do Executivo.O encontro foi presidido pelo governador provincial do Cubango, Jos\u00e9 Martins, que destacou o papel estrat\u00e9gico das Unidades Or\u00e7amentais enquanto pilares da Administra\u00e7\u00e3o P\u00fablica, respons\u00e1veis pela execu\u00e7\u00e3o dos programas de trabalho e pela gest\u00e3o dos recursos p\u00fablicos com autonomia administrativa e financeira, em prol do desenvolvimento socioe- con\u00f3mico da prov\u00edncia.<\/p>\n\n\n\n<p>Na ocasi\u00e3o, Jos\u00e9 Martins sublinhou os avan\u00e7os registados na materializa\u00e7\u00e3o dos programas do Executivo liderado pelo Presidente da Rep\u00fablica, Jo\u00e3o Louren\u00e7o, e apelou \u00e0 necessidade de os gestores continuarem a aperfei\u00e7oar as pr\u00e1ticas de gest\u00e3o, elevando a qualidade dos servi\u00e7os p\u00fablicos, de modo a assegurar a satisfa\u00e7\u00e3o das necessidades b\u00e1sicas da popula\u00e7\u00e3o.<\/p>\n\n\n\n<p><\/p>\n","protected":false},"excerpt":{"rendered":"<p>Os gestores das Unidades Or\u00e7amentais da prov\u00edncia do Cubango participaram, nesta Ter\u00e7a-feira, 16, num encontro t\u00e9cnico-metodol\u00f3gico sobre o Ecossistema da Contrata\u00e7\u00e3o P\u00fablica, promovido pelo Minist\u00e9rio das Finan\u00e7as, atrav\u00e9s do Servi\u00e7o Nacional da Contrata\u00e7\u00e3o P\u00fablica (SNCP), com vista ao refor\u00e7o das capacidades t\u00e9cnicas e \u00e0 melhoria da execu\u00e7\u00e3o dos programas do Executivo.O encontro foi presidido pelo [&hellip;]<\/p>\n","protected":false},"author":3,"featured_media":3532,"comment_status":"open","ping_status":"open","sticky":false,"template":"","format":"standard","meta":{"footnotes":""},"categories":[16],"tags":[1439,583,1438,1440],"class_list":["post-3531","post","type-post","status-publish","format-standard","has-post-thumbnail","hentry","category-actualidade","tag-capacitacao","tag-contratacao-publica","tag-cubango","tag-programas-do-executivo"],"blocksy_meta":[],"_links":{"self":[{"href":"https:\/\/www.radiomais.ao\/index.php\/wp-json\/wp\/v2\/posts\/3531","targetHints":{"allow":["GET"]}}],"collection":[{"href":"https:\/\/www.radiomais.ao\/index.php\/wp-json\/wp\/v2\/posts"}],"about":[{"href":"https:\/\/www.radiomais.ao\/index.php\/wp-json\/wp\/v2\/types\/post"}],"author":[{"embeddable":true,"href":"https:\/\/www.radiomais.ao\/index.php\/wp-json\/wp\/v2\/users\/3"}],"replies":[{"embeddable":true,"href":"https:\/\/www.radiomais.ao\/index.php\/wp-json\/wp\/v2\/comments?post=3531"}],"version-history":[{"count":1,"href":"https:\/\/www.radiomais.ao\/index.php\/wp-json\/wp\/v2\/posts\/3531\/revisions"}],"predecessor-version":[{"id":3533,"href":"https:\/\/www.radiomais.ao\/index.php\/wp-json\/wp\/v2\/posts\/3531\/revisions\/3533"}],"wp:featuredmedia":[{"embeddable":true,"href":"https:\/\/www.radiomais.ao\/index.php\/wp-json\/wp\/v2\/media\/3532"}],"wp:attachment":[{"href":"https:\/\/www.radiomais.ao\/index.php\/wp-json\/wp\/v2\/media?parent=3531"}],"wp:term":[{"taxonomy":"category","embeddable":true,"href":"https:\/\/www.radiomais.ao\/index.php\/wp-json\/wp\/v2\/categories?post=3531"},{"taxonomy":"post_tag","embeddable":true,"href":"https:\/\/www.radiomais.ao\/index.php\/wp-json\/wp\/v2\/tags?post=3531"}],"curies":[{"name":"wp","href":"https:\/\/api.w.org\/{rel}","templated":true}]}}