{"id":3534,"date":"2025-12-17T08:26:37","date_gmt":"2025-12-17T07:26:37","guid":{"rendered":"https:\/\/www.radiomais.ao\/?p=3534"},"modified":"2025-12-17T08:26:37","modified_gmt":"2025-12-17T07:26:37","slug":"parlamentares-defendem-concertacao-para-retoma-da-discussao-do-pacote-legislativo-autarquico","status":"publish","type":"post","link":"https:\/\/www.radiomais.ao\/index.php\/2025\/12\/17\/parlamentares-defendem-concertacao-para-retoma-da-discussao-do-pacote-legislativo-autarquico\/","title":{"rendered":"Parlamentares defendem concerta\u00e7\u00e3o para retoma da discuss\u00e3o do pacote legislativo aut\u00e1rquico."},"content":{"rendered":"\n<p><strong>Os presidentes dos distintos grupos parlamentares da Assembleia nacional defenderam, esta ter\u00e7a-feira, a necessidade de maior concerta\u00e7\u00e3o pol\u00edtica, refor\u00e7o da fun\u00e7\u00e3o fiscalizadora do parlamento e a conclus\u00e3o do pacote Legislativo Aut\u00e1rquico. As declara\u00e7\u00f5es foram feitas \u00e0 sa\u00edda das audi\u00eancias, separadas, concedidas pelo presidente da Assembleia nacional, Ad\u00e3o francisco Correia de Almeida, no \u00e2mbito de encontros de cortesia com as lideran\u00e7as parlamentares<\/strong>. Ler mais em <strong><em><a href=\"https:\/\/www.opais.ao\/politica\/parlamentares-defendem-concertacao-para-retoma-da-discussao-do-pacote-legislativo-autarquico\/\">Opa\u00eds<\/a><\/em><\/strong><\/p>\n","protected":false},"excerpt":{"rendered":"<p>Os presidentes dos distintos grupos parlamentares da Assembleia nacional defenderam, esta ter\u00e7a-feira, a necessidade de maior concerta\u00e7\u00e3o pol\u00edtica, refor\u00e7o da fun\u00e7\u00e3o fiscalizadora do parlamento e a conclus\u00e3o do pacote Legislativo Aut\u00e1rquico. As declara\u00e7\u00f5es foram feitas \u00e0 sa\u00edda das audi\u00eancias, separadas, concedidas pelo presidente da Assembleia nacional, Ad\u00e3o francisco Correia de Almeida, no \u00e2mbito de encontros [&hellip;]<\/p>\n","protected":false},"author":3,"featured_media":3535,"comment_status":"open","ping_status":"open","sticky":false,"template":"","format":"standard","meta":{"footnotes":""},"categories":[16],"tags":[1442,1441],"class_list":["post-3534","post","type-post","status-publish","format-standard","has-post-thumbnail","hentry","category-actualidade","tag-pacote-legislativo-autarquico","tag-parlamentares"],"blocksy_meta":[],"_links":{"self":[{"href":"https:\/\/www.radiomais.ao\/index.php\/wp-json\/wp\/v2\/posts\/3534","targetHints":{"allow":["GET"]}}],"collection":[{"href":"https:\/\/www.radiomais.ao\/index.php\/wp-json\/wp\/v2\/posts"}],"about":[{"href":"https:\/\/www.radiomais.ao\/index.php\/wp-json\/wp\/v2\/types\/post"}],"author":[{"embeddable":true,"href":"https:\/\/www.radiomais.ao\/index.php\/wp-json\/wp\/v2\/users\/3"}],"replies":[{"embeddable":true,"href":"https:\/\/www.radiomais.ao\/index.php\/wp-json\/wp\/v2\/comments?post=3534"}],"version-history":[{"count":1,"href":"https:\/\/www.radiomais.ao\/index.php\/wp-json\/wp\/v2\/posts\/3534\/revisions"}],"predecessor-version":[{"id":3536,"href":"https:\/\/www.radiomais.ao\/index.php\/wp-json\/wp\/v2\/posts\/3534\/revisions\/3536"}],"wp:featuredmedia":[{"embeddable":true,"href":"https:\/\/www.radiomais.ao\/index.php\/wp-json\/wp\/v2\/media\/3535"}],"wp:attachment":[{"href":"https:\/\/www.radiomais.ao\/index.php\/wp-json\/wp\/v2\/media?parent=3534"}],"wp:term":[{"taxonomy":"category","embeddable":true,"href":"https:\/\/www.radiomais.ao\/index.php\/wp-json\/wp\/v2\/categories?post=3534"},{"taxonomy":"post_tag","embeddable":true,"href":"https:\/\/www.radiomais.ao\/index.php\/wp-json\/wp\/v2\/tags?post=3534"}],"curies":[{"name":"wp","href":"https:\/\/api.w.org\/{rel}","templated":true}]}}