{"id":3540,"date":"2025-12-17T08:34:37","date_gmt":"2025-12-17T07:34:37","guid":{"rendered":"https:\/\/www.radiomais.ao\/?p=3540"},"modified":"2025-12-17T08:34:37","modified_gmt":"2025-12-17T07:34:37","slug":"ministro-mario-oliveira-quer-servicos-ao-dispor-das-comunidades","status":"publish","type":"post","link":"https:\/\/www.radiomais.ao\/index.php\/2025\/12\/17\/ministro-mario-oliveira-quer-servicos-ao-dispor-das-comunidades\/","title":{"rendered":"Ministro M\u00e1rio Oliveira quer servi\u00e7os ao dispor das comunidades."},"content":{"rendered":"\n<p>A prestigiar o acto de lan\u00e7amento, o ministro das Telecomunica\u00e7\u00f5es, Tecnologias de Informa\u00e7\u00e3o e Comunica\u00e7\u00e3o Social, M\u00e1rio Augusto Oliveira, destacou a relev\u00e2ncia de os servi\u00e7os terem como fim \u00faltimo servir o cidad\u00e3o, onde quer que esteja, incluindo as comunidades das zonas mais remotas do pa\u00eds. ler mais em <strong><em><a href=\"https:\/\/www.opais.ao\/economia\/ministro-mario-oliveira-quer-servicos-ao-dispor-das-comunidades\/\">Opa\u00eds<\/a><\/em><\/strong><\/p>\n","protected":false},"excerpt":{"rendered":"<p>A prestigiar o acto de lan\u00e7amento, o ministro das Telecomunica\u00e7\u00f5es, Tecnologias de Informa\u00e7\u00e3o e Comunica\u00e7\u00e3o Social, M\u00e1rio Augusto Oliveira, destacou a relev\u00e2ncia de os servi\u00e7os terem como fim \u00faltimo servir o cidad\u00e3o, onde quer que esteja, incluindo as comunidades das zonas mais remotas do pa\u00eds. ler mais em Opa\u00eds<\/p>\n","protected":false},"author":3,"featured_media":3541,"comment_status":"open","ping_status":"open","sticky":false,"template":"","format":"standard","meta":{"footnotes":""},"categories":[16],"tags":[1444],"class_list":["post-3540","post","type-post","status-publish","format-standard","has-post-thumbnail","hentry","category-actualidade","tag-ministro-mario-de-oliveira"],"blocksy_meta":[],"_links":{"self":[{"href":"https:\/\/www.radiomais.ao\/index.php\/wp-json\/wp\/v2\/posts\/3540","targetHints":{"allow":["GET"]}}],"collection":[{"href":"https:\/\/www.radiomais.ao\/index.php\/wp-json\/wp\/v2\/posts"}],"about":[{"href":"https:\/\/www.radiomais.ao\/index.php\/wp-json\/wp\/v2\/types\/post"}],"author":[{"embeddable":true,"href":"https:\/\/www.radiomais.ao\/index.php\/wp-json\/wp\/v2\/users\/3"}],"replies":[{"embeddable":true,"href":"https:\/\/www.radiomais.ao\/index.php\/wp-json\/wp\/v2\/comments?post=3540"}],"version-history":[{"count":1,"href":"https:\/\/www.radiomais.ao\/index.php\/wp-json\/wp\/v2\/posts\/3540\/revisions"}],"predecessor-version":[{"id":3542,"href":"https:\/\/www.radiomais.ao\/index.php\/wp-json\/wp\/v2\/posts\/3540\/revisions\/3542"}],"wp:featuredmedia":[{"embeddable":true,"href":"https:\/\/www.radiomais.ao\/index.php\/wp-json\/wp\/v2\/media\/3541"}],"wp:attachment":[{"href":"https:\/\/www.radiomais.ao\/index.php\/wp-json\/wp\/v2\/media?parent=3540"}],"wp:term":[{"taxonomy":"category","embeddable":true,"href":"https:\/\/www.radiomais.ao\/index.php\/wp-json\/wp\/v2\/categories?post=3540"},{"taxonomy":"post_tag","embeddable":true,"href":"https:\/\/www.radiomais.ao\/index.php\/wp-json\/wp\/v2\/tags?post=3540"}],"curies":[{"name":"wp","href":"https:\/\/api.w.org\/{rel}","templated":true}]}}