{"id":3543,"date":"2025-12-17T08:43:50","date_gmt":"2025-12-17T07:43:50","guid":{"rendered":"https:\/\/www.radiomais.ao\/?p=3543"},"modified":"2025-12-17T08:44:09","modified_gmt":"2025-12-17T07:44:09","slug":"lancada-plataforma-conecta-angolapara-reforcar-expansao-da-rede-internet-nas-areas-reconditas","status":"publish","type":"post","link":"https:\/\/www.radiomais.ao\/index.php\/2025\/12\/17\/lancada-plataforma-conecta-angolapara-reforcar-expansao-da-rede-internet-nas-areas-reconditas\/","title":{"rendered":"Lan\u00e7ada plataforma \u201cConecta Angola\u201d para refor\u00e7ar expans\u00e3o da rede internet nas \u00e1reas rec\u00f4nditas."},"content":{"rendered":"\n<p><strong>Doravante, as empresas que actuam no sector das telecomunica\u00e7\u00f5es, tecnologia de informa\u00e7\u00e3o, startups e pequenas e m\u00e9dias empresas prestadoras de servi\u00e7os tecnol\u00f3gicos, com suporte \u00e0 internet, passam a ter acesso directo aos servi\u00e7os do sat\u00e9lite ANGOSAT-2, com a recente inaugura\u00e7\u00e3o do Hub, localizado no Centro de Controlo e Miss\u00e3o de Sat\u00e9lite (MCC), na funda, e com lan\u00e7amento oficial da plataforma \u201cConecta Angola\u201d realizado nesta ter\u00e7a-feira, 16, pelo gabinete de gest\u00e3o do programa espacial nacional, em Luanda<\/strong>. Fonte <strong><em><a href=\"https:\/\/www.opais.ao\/economia\/lancada-plataforma-conecta-angolapara-reforcar-expansao-da-redeinternet-nas-areas-reconditas\/\">Opa\u00eds<\/a><\/em><\/strong><\/p>\n","protected":false},"excerpt":{"rendered":"<p>Doravante, as empresas que actuam no sector das telecomunica\u00e7\u00f5es, tecnologia de informa\u00e7\u00e3o, startups e pequenas e m\u00e9dias empresas prestadoras de servi\u00e7os tecnol\u00f3gicos, com suporte \u00e0 internet, passam a ter acesso directo aos servi\u00e7os do sat\u00e9lite ANGOSAT-2, com a recente inaugura\u00e7\u00e3o do Hub, localizado no Centro de Controlo e Miss\u00e3o de Sat\u00e9lite (MCC), na funda, e [&hellip;]<\/p>\n","protected":false},"author":3,"featured_media":3544,"comment_status":"open","ping_status":"open","sticky":false,"template":"","format":"standard","meta":{"footnotes":""},"categories":[16],"tags":[1446,1445],"class_list":["post-3543","post","type-post","status-publish","format-standard","has-post-thumbnail","hentry","category-actualidade","tag-lancada","tag-plataforma-conecta"],"blocksy_meta":[],"_links":{"self":[{"href":"https:\/\/www.radiomais.ao\/index.php\/wp-json\/wp\/v2\/posts\/3543","targetHints":{"allow":["GET"]}}],"collection":[{"href":"https:\/\/www.radiomais.ao\/index.php\/wp-json\/wp\/v2\/posts"}],"about":[{"href":"https:\/\/www.radiomais.ao\/index.php\/wp-json\/wp\/v2\/types\/post"}],"author":[{"embeddable":true,"href":"https:\/\/www.radiomais.ao\/index.php\/wp-json\/wp\/v2\/users\/3"}],"replies":[{"embeddable":true,"href":"https:\/\/www.radiomais.ao\/index.php\/wp-json\/wp\/v2\/comments?post=3543"}],"version-history":[{"count":2,"href":"https:\/\/www.radiomais.ao\/index.php\/wp-json\/wp\/v2\/posts\/3543\/revisions"}],"predecessor-version":[{"id":3546,"href":"https:\/\/www.radiomais.ao\/index.php\/wp-json\/wp\/v2\/posts\/3543\/revisions\/3546"}],"wp:featuredmedia":[{"embeddable":true,"href":"https:\/\/www.radiomais.ao\/index.php\/wp-json\/wp\/v2\/media\/3544"}],"wp:attachment":[{"href":"https:\/\/www.radiomais.ao\/index.php\/wp-json\/wp\/v2\/media?parent=3543"}],"wp:term":[{"taxonomy":"category","embeddable":true,"href":"https:\/\/www.radiomais.ao\/index.php\/wp-json\/wp\/v2\/categories?post=3543"},{"taxonomy":"post_tag","embeddable":true,"href":"https:\/\/www.radiomais.ao\/index.php\/wp-json\/wp\/v2\/tags?post=3543"}],"curies":[{"name":"wp","href":"https:\/\/api.w.org\/{rel}","templated":true}]}}