{"id":3547,"date":"2025-12-17T08:53:36","date_gmt":"2025-12-17T07:53:36","guid":{"rendered":"https:\/\/www.radiomais.ao\/?p=3547"},"modified":"2025-12-17T08:53:36","modified_gmt":"2025-12-17T07:53:36","slug":"acidente-no-largo-jose-pirao-em-luanda-causa-morte-de-cinco-pessoas","status":"publish","type":"post","link":"https:\/\/www.radiomais.ao\/index.php\/2025\/12\/17\/acidente-no-largo-jose-pirao-em-luanda-causa-morte-de-cinco-pessoas\/","title":{"rendered":"Acidente no Largo Jos\u00e9 Pir\u00e3o em Luanda causa morte de cinco pessoas."},"content":{"rendered":"\n<p>Cinco pessoas morreram, na madrugada desta quarta-feira, no Largo Jos\u00e9 Pir\u00e3o, em consequ\u00eancia de um acidente de via\u00e7\u00e3o que envolveu mais de quatro viaturas.<\/p>\n\n\n\n<p>Segundo testemunhas no local, ouvidos pelo Jornal de Angola, o excesso de velocidade, aliado \u00e0 aus\u00eancia de sem\u00e1foros e imprud\u00eancia dos condutores no cumprimento das regras de ced\u00eancia de prioridade, estar\u00e1 na origem do aparatoso acidente.<\/p>\n","protected":false},"excerpt":{"rendered":"<p>Cinco pessoas morreram, na madrugada desta quarta-feira, no Largo Jos\u00e9 Pir\u00e3o, em consequ\u00eancia de um acidente de via\u00e7\u00e3o que envolveu mais de quatro viaturas. Segundo testemunhas no local, ouvidos pelo Jornal de Angola, o excesso de velocidade, aliado \u00e0 aus\u00eancia de sem\u00e1foros e imprud\u00eancia dos condutores no cumprimento das regras de ced\u00eancia de prioridade, estar\u00e1 [&hellip;]<\/p>\n","protected":false},"author":3,"featured_media":3548,"comment_status":"open","ping_status":"open","sticky":false,"template":"","format":"standard","meta":{"footnotes":""},"categories":[16],"tags":[1448,1447],"class_list":["post-3547","post","type-post","status-publish","format-standard","has-post-thumbnail","hentry","category-actualidade","tag-5-mortos","tag-acidente-no-ze-pirao"],"blocksy_meta":[],"_links":{"self":[{"href":"https:\/\/www.radiomais.ao\/index.php\/wp-json\/wp\/v2\/posts\/3547","targetHints":{"allow":["GET"]}}],"collection":[{"href":"https:\/\/www.radiomais.ao\/index.php\/wp-json\/wp\/v2\/posts"}],"about":[{"href":"https:\/\/www.radiomais.ao\/index.php\/wp-json\/wp\/v2\/types\/post"}],"author":[{"embeddable":true,"href":"https:\/\/www.radiomais.ao\/index.php\/wp-json\/wp\/v2\/users\/3"}],"replies":[{"embeddable":true,"href":"https:\/\/www.radiomais.ao\/index.php\/wp-json\/wp\/v2\/comments?post=3547"}],"version-history":[{"count":1,"href":"https:\/\/www.radiomais.ao\/index.php\/wp-json\/wp\/v2\/posts\/3547\/revisions"}],"predecessor-version":[{"id":3549,"href":"https:\/\/www.radiomais.ao\/index.php\/wp-json\/wp\/v2\/posts\/3547\/revisions\/3549"}],"wp:featuredmedia":[{"embeddable":true,"href":"https:\/\/www.radiomais.ao\/index.php\/wp-json\/wp\/v2\/media\/3548"}],"wp:attachment":[{"href":"https:\/\/www.radiomais.ao\/index.php\/wp-json\/wp\/v2\/media?parent=3547"}],"wp:term":[{"taxonomy":"category","embeddable":true,"href":"https:\/\/www.radiomais.ao\/index.php\/wp-json\/wp\/v2\/categories?post=3547"},{"taxonomy":"post_tag","embeddable":true,"href":"https:\/\/www.radiomais.ao\/index.php\/wp-json\/wp\/v2\/tags?post=3547"}],"curies":[{"name":"wp","href":"https:\/\/api.w.org\/{rel}","templated":true}]}}