{"id":3550,"date":"2025-12-17T08:58:00","date_gmt":"2025-12-17T07:58:00","guid":{"rendered":"https:\/\/www.radiomais.ao\/?p=3550"},"modified":"2025-12-17T08:58:00","modified_gmt":"2025-12-17T07:58:00","slug":"criacao-das-areas-de-conservacao-da-serra-do-pingano-e-do-morro-do-moco-reforca-proteccao-ambiental","status":"publish","type":"post","link":"https:\/\/www.radiomais.ao\/index.php\/2025\/12\/17\/criacao-das-areas-de-conservacao-da-serra-do-pingano-e-do-morro-do-moco-reforca-proteccao-ambiental\/","title":{"rendered":"Cria\u00e7\u00e3o das \u00e1reas de conserva\u00e7\u00e3o da Serra do Pingano e do Morro do moco refor\u00e7a protec\u00e7\u00e3o ambiental."},"content":{"rendered":"\n<p><strong>O executivo submeteu \u00e0 aprecia\u00e7\u00e3o da Assembleia nacional duas propostas legislativas destinadas \u00e0 cria\u00e7\u00e3o das \u00e1reas de conserva\u00e7\u00e3o da Serra do pingano, na prov\u00edncia do u\u00edge, e do Morro do Moco, no Huambo, iniciativas que representam um passo decisivo na protec\u00e7\u00e3o dos ecossistemas mais sens\u00edveis e amea\u00e7ados do pa\u00eds, com impactos directos na conserva\u00e7\u00e3o da biodiversidade, na regula\u00e7\u00e3o clim\u00e1tica e h\u00eddrica e no equil\u00edbrio ecol\u00f3gico regional<\/strong>.<\/p>\n\n\n\n<p>Ao apresentar a proposta relativa \u00e0 Serra do Pingano, o secret\u00e1rio de Estado para o Ambiente, Yuri de Sousa Santos, destacou que a futura \u00e1rea de conserva\u00e7\u00e3o abranger\u00e1 uma extens\u00e3o de 2.838 quil\u00f3metros quadrados, envolvendo os munic\u00edpios do U\u00edge, Quitexe, Ambu\u00edla e Songo.<\/p>\n\n\n\n<p>Trata-se, segundo o governante, de um patrim\u00f3nio natural de excepcional valor cient\u00edfico, por integrar o sistema florestal mais austral das regi\u00f5es biogeogr\u00e1ficas da Guin\u00e9 e do Congo, constituindo um ponto de transi\u00e7\u00e3o ecol\u00f3gica de elevada relev\u00e2ncia para a ci\u00eancia e para a conserva\u00e7\u00e3o ambiental.<\/p>\n\n\n\n<p>Explicou que a Serra do Pingano alberga extensas florestas h\u00famidas tropicais, consideradas habitat cr\u00edtico para um elevado n\u00famero de esp\u00e9cies end\u00e9micas, raras e classificadas como criticamente em perigo de extin\u00e7\u00e3o. Yuri Santos garantiu que os estudos cient\u00edficos identificaram naquela \u00e1rea uma expressiva diversidade biol\u00f3gica, com registo de 124 esp\u00e9cies de borboletas, 33 esp\u00e9cies de r\u00e9pteis (das quais oito s\u00e3o exclusivas da serra), 16 esp\u00e9cies de anf\u00edbios e cerca de 180 esp\u00e9cies de aves, muitas com distribui\u00e7\u00e3o geogr\u00e1fica restrita e elevado grau de especializa\u00e7\u00e3o ecol\u00f3gica.<\/p>\n","protected":false},"excerpt":{"rendered":"<p>O executivo submeteu \u00e0 aprecia\u00e7\u00e3o da Assembleia nacional duas propostas legislativas destinadas \u00e0 cria\u00e7\u00e3o das \u00e1reas de conserva\u00e7\u00e3o da Serra do pingano, na prov\u00edncia do u\u00edge, e do Morro do Moco, no Huambo, iniciativas que representam um passo decisivo na protec\u00e7\u00e3o dos ecossistemas mais sens\u00edveis e amea\u00e7ados do pa\u00eds, com impactos directos na conserva\u00e7\u00e3o da [&hellip;]<\/p>\n","protected":false},"author":3,"featured_media":3551,"comment_status":"open","ping_status":"open","sticky":false,"template":"","format":"standard","meta":{"footnotes":""},"categories":[16],"tags":[1449,1450],"class_list":["post-3550","post","type-post","status-publish","format-standard","has-post-thumbnail","hentry","category-actualidade","tag-conservacao-do-morro-do-moco","tag-serra-do-pingano"],"blocksy_meta":[],"_links":{"self":[{"href":"https:\/\/www.radiomais.ao\/index.php\/wp-json\/wp\/v2\/posts\/3550","targetHints":{"allow":["GET"]}}],"collection":[{"href":"https:\/\/www.radiomais.ao\/index.php\/wp-json\/wp\/v2\/posts"}],"about":[{"href":"https:\/\/www.radiomais.ao\/index.php\/wp-json\/wp\/v2\/types\/post"}],"author":[{"embeddable":true,"href":"https:\/\/www.radiomais.ao\/index.php\/wp-json\/wp\/v2\/users\/3"}],"replies":[{"embeddable":true,"href":"https:\/\/www.radiomais.ao\/index.php\/wp-json\/wp\/v2\/comments?post=3550"}],"version-history":[{"count":1,"href":"https:\/\/www.radiomais.ao\/index.php\/wp-json\/wp\/v2\/posts\/3550\/revisions"}],"predecessor-version":[{"id":3552,"href":"https:\/\/www.radiomais.ao\/index.php\/wp-json\/wp\/v2\/posts\/3550\/revisions\/3552"}],"wp:featuredmedia":[{"embeddable":true,"href":"https:\/\/www.radiomais.ao\/index.php\/wp-json\/wp\/v2\/media\/3551"}],"wp:attachment":[{"href":"https:\/\/www.radiomais.ao\/index.php\/wp-json\/wp\/v2\/media?parent=3550"}],"wp:term":[{"taxonomy":"category","embeddable":true,"href":"https:\/\/www.radiomais.ao\/index.php\/wp-json\/wp\/v2\/categories?post=3550"},{"taxonomy":"post_tag","embeddable":true,"href":"https:\/\/www.radiomais.ao\/index.php\/wp-json\/wp\/v2\/tags?post=3550"}],"curies":[{"name":"wp","href":"https:\/\/api.w.org\/{rel}","templated":true}]}}