{"id":3554,"date":"2025-12-17T09:05:31","date_gmt":"2025-12-17T08:05:31","guid":{"rendered":"https:\/\/www.radiomais.ao\/?p=3554"},"modified":"2025-12-17T09:19:31","modified_gmt":"2025-12-17T08:19:31","slug":"vandalizacao-de-linha-de-alta-tensao-deixa-benguela-e-cuanza-sul-sem-energia","status":"publish","type":"post","link":"https:\/\/www.radiomais.ao\/index.php\/2025\/12\/17\/vandalizacao-de-linha-de-alta-tensao-deixa-benguela-e-cuanza-sul-sem-energia\/","title":{"rendered":"Vandaliza\u00e7\u00e3o de linha de alta tens\u00e3o deixa Benguela e Cuanza-sul sem energia."},"content":{"rendered":"\n<p>Avandaliza\u00e7\u00e3o da Linha de Alta Tens\u00e3o deixou, desde o princ\u00edpio da tarde de ontem, as prov\u00edncias de Benguela e Cuanza-Sul sem energia el\u00e9ctrica, segundo comunicou a Rede Nacional de Transporte de Electricidade (RNT).<\/p>\n\n\n\n<p>As autoridades prosseguem no desdobramento com vista a responsabilizar os autores da vandaliza\u00e7\u00e3o. Enquanto isso, a RNT est\u00e1 a desenvolver ac\u00e7\u00f5es para o restabelecimento da energia el\u00e9ctrica \u00e0s prov\u00edncias afectadas. Importa frisar que, no Cuanza-Sul, ainda no m\u00eas passado, a Pol\u00edcia Nacional, por interm\u00e9dio dos seus efectivos colocados no Comando Municipal da Gabela, deteve cidad\u00e3os nacionais suspeitos de vandaliza\u00e7\u00e3o de bens p\u00fablicos e introdu\u00e7\u00e3o em locais que carecem de autoriza\u00e7\u00e3o. <\/p>\n\n\n<div \n    class=\"align wp-block-scb-sound-cloud\"    id=\"scbSoundCloud-1\"\n    data-attributes='{&quot;cId&quot;:&quot;be38763d-1&quot;,&quot;tracks&quot;:[{&quot;url&quot;:&quot;https:\\\/\\\/soundcloud.com\\\/radio-mais-luanda\\\/vandalizacao-da-linha-de-alta-tensao-deixa-benguela-e-cuanza-sul-sem-energia-eletrica?si=09b68bfa6af147ccba3dcfbe6dfdd595&amp;utm_source=clipboard&amp;utm_medium=text&amp;utm_campaign=social_sharing&quot;,&quot;startTrack&quot;:0}],&quot;alignment&quot;:&quot;center&quot;,&quot;align&quot;:&quot;&quot;,&quot;options&quot;:{&quot;isAutoPlay&quot;:true,&quot;color&quot;:&quot;#f50&quot;,&quot;isBuying&quot;:true,&quot;isSharing&quot;:true,&quot;isDownload&quot;:true,&quot;isArtWork&quot;:true,&quot;isPlayCount&quot;:true,&quot;isUser&quot;:true,&quot;isSingleActive&quot;:true,&quot;isComments&quot;:true,&quot;isVisual&quot;:false,&quot;isTeaser&quot;:false,&quot;isHideRelated&quot;:false},&quot;iframeStyle&quot;:{&quot;width&quot;:&quot;100%&quot;,&quot;height&quot;:&quot;170px&quot;},&quot;frameBorder&quot;:{&quot;color&quot;:&quot;#000&quot;,&quot;style&quot;:&quot;solid&quot;,&quot;width&quot;:&quot;1px&quot;},&quot;frameBRadius&quot;:{&quot;top&quot;:&quot;3px&quot;,&quot;bottom&quot;:&quot;3px&quot;,&quot;left&quot;:&quot;3px&quot;,&quot;right&quot;:&quot;3px&quot;},&quot;frameBoxShadow&quot;:[]}'>\n<\/div>\n\n \n      ","protected":false},"excerpt":{"rendered":"<p>Avandaliza\u00e7\u00e3o da Linha de Alta Tens\u00e3o deixou, desde o princ\u00edpio da tarde de ontem, as prov\u00edncias de Benguela e Cuanza-Sul sem energia el\u00e9ctrica, segundo comunicou a Rede Nacional de Transporte de Electricidade (RNT). As autoridades prosseguem no desdobramento com vista a responsabilizar os autores da vandaliza\u00e7\u00e3o. Enquanto isso, a RNT est\u00e1 a desenvolver ac\u00e7\u00f5es para [&hellip;]<\/p>\n","protected":false},"author":3,"featured_media":3555,"comment_status":"open","ping_status":"open","sticky":false,"template":"","format":"standard","meta":{"footnotes":""},"categories":[16],"tags":[1452,1453,1451],"class_list":["post-3554","post","type-post","status-publish","format-standard","has-post-thumbnail","hentry","category-actualidade","tag-benguela-e-cuanza-sul","tag-sem-energia","tag-vandalizacao-da-linha-de-alta-tensao"],"blocksy_meta":[],"_links":{"self":[{"href":"https:\/\/www.radiomais.ao\/index.php\/wp-json\/wp\/v2\/posts\/3554","targetHints":{"allow":["GET"]}}],"collection":[{"href":"https:\/\/www.radiomais.ao\/index.php\/wp-json\/wp\/v2\/posts"}],"about":[{"href":"https:\/\/www.radiomais.ao\/index.php\/wp-json\/wp\/v2\/types\/post"}],"author":[{"embeddable":true,"href":"https:\/\/www.radiomais.ao\/index.php\/wp-json\/wp\/v2\/users\/3"}],"replies":[{"embeddable":true,"href":"https:\/\/www.radiomais.ao\/index.php\/wp-json\/wp\/v2\/comments?post=3554"}],"version-history":[{"count":2,"href":"https:\/\/www.radiomais.ao\/index.php\/wp-json\/wp\/v2\/posts\/3554\/revisions"}],"predecessor-version":[{"id":3560,"href":"https:\/\/www.radiomais.ao\/index.php\/wp-json\/wp\/v2\/posts\/3554\/revisions\/3560"}],"wp:featuredmedia":[{"embeddable":true,"href":"https:\/\/www.radiomais.ao\/index.php\/wp-json\/wp\/v2\/media\/3555"}],"wp:attachment":[{"href":"https:\/\/www.radiomais.ao\/index.php\/wp-json\/wp\/v2\/media?parent=3554"}],"wp:term":[{"taxonomy":"category","embeddable":true,"href":"https:\/\/www.radiomais.ao\/index.php\/wp-json\/wp\/v2\/categories?post=3554"},{"taxonomy":"post_tag","embeddable":true,"href":"https:\/\/www.radiomais.ao\/index.php\/wp-json\/wp\/v2\/tags?post=3554"}],"curies":[{"name":"wp","href":"https:\/\/api.w.org\/{rel}","templated":true}]}}